{"id":10303,"date":"2026-09-01T21:59:32","date_gmt":"2026-09-02T00:59:32","guid":{"rendered":"https:\/\/caeolavarria.com.ar\/?p=10303"},"modified":"2026-09-01T21:59:32","modified_gmt":"2026-09-02T00:59:32","slug":"caebasquet-cuatro-jugadores-de-estudiantes-integraran-la-seleccion-de-olavarria-u17-en-el-zonal-del-fin-de-semana","status":"publish","type":"post","link":"https:\/\/caeolavarria.com.ar\/index.php\/2026\/09\/01\/caebasquet-cuatro-jugadores-de-estudiantes-integraran-la-seleccion-de-olavarria-u17-en-el-zonal-del-fin-de-semana\/","title":{"rendered":"#CAEBASQUET Cuatro jugadores de Estudiantes integrar\u00e1n la Selecci\u00f3n de Olavarr\u00eda U17 en el Zonal del fin de semana"},"content":{"rendered":"<p class=\"isSelectedEnd\"><strong>Luca Mar\u00edn, Mateo Neuville, Segundo Elizaga y Gonzalo Herrera fueron convocados para representar a la ciudad en el Torneo Zonal de Selecciones, que se disputar\u00e1 este fin de semana en Sierras Bayas. Olavarr\u00eda debutar\u00e1 este viernes ante Tres Arroyos y buscar\u00e1 quedarse con el certamen para acceder al Campeonato Provincial.<\/strong><!--more--><\/p>\n<p class=\"isSelectedEnd\">Una vez m\u00e1s, el trabajo de las divisiones formativas de Estudiantes tendr\u00e1 su reconocimiento a nivel local. Luca Mar\u00edn, Mateo Neuville, Segundo Elizaga y Gonzalo Herrera fueron convocados para integrar la Selecci\u00f3n de Olavarr\u00eda U17, que este fin de semana afrontar\u00e1 como local el Torneo Zonal de Selecciones de la categor\u00eda.<\/p>\n<p class=\"isSelectedEnd\">La competencia se desarrollar\u00e1 desde este viernes 4 hasta el domingo 6 de septiembre y reunir\u00e1 a los seleccionados de Olavarr\u00eda, Necochea, Tandil y Tres Arroyos. El gimnasio de San Mart\u00edn de Sierras Bayas ser\u00e1 la sede principal del certamen y all\u00ed se disputar\u00e1n todos los encuentros del representativo olavarriense, mientras que algunos partidos de las restantes selecciones tendr\u00e1n como escenario el gimnasio de Ferro Carril Sud.<\/p>\n<p class=\"isSelectedEnd\">La convocatoria representa un motivo de orgullo para Estudiantes, que aporta cuatro de los doce integrantes del plantel que defender\u00e1 a Olavarr\u00eda. Se trata, adem\u00e1s, de una nueva muestra del crecimiento y el desarrollo que atraviesan las categor\u00edas formativas del Club, que vuelven a tener presencia en un seleccionado de la Asociaci\u00f3n de B\u00e1squetbol de Olavarr\u00eda.<\/p>\n<p class=\"isSelectedEnd\">Para los j\u00f3venes del Bata ser\u00e1 una experiencia significativa dentro de su proceso deportivo. Durante tres jornadas tendr\u00e1n la posibilidad de compartir equipo con jugadores de distintas instituciones de la ciudad y medirse ante algunos de los mejores exponentes de la categor\u00eda en la regi\u00f3n, en una competencia que tendr\u00e1 adem\u00e1s el atractivo de disputarse en territorio olavarriense.<\/p>\n<p class=\"isSelectedEnd\">El equipo local tendr\u00e1 un exigente recorrido por delante. Su debut ser\u00e1 este viernes, desde las 20:00, cuando se mida con Tres Arroyos en San Mart\u00edn de Sierras Bayas. El s\u00e1bado tendr\u00e1 una doble jornada: a las 10:00 enfrentar\u00e1 a BASO (Necochea) y, por la tarde, desde las 19:00, se cruzar\u00e1 con Tandil. El cierre llegar\u00e1 el domingo a las 17:45, nuevamente en San Mart\u00edn, frente a Necochea.<\/p>\n<p class=\"isSelectedEnd\">El certamen es organizado por la Asociaci\u00f3n de B\u00e1squetbol de Olavarr\u00eda y fiscalizado por la Federaci\u00f3n de B\u00e1squetbol de la Provincia de Buenos Aires. Los cuatro seleccionados se enfrentar\u00e1n bajo el sistema de todos contra todos y el equipo que finalice en el primer lugar ser\u00e1 el representante de la Zona Sur en el pr\u00f3ximo Campeonato Provincial, que tendr\u00e1 lugar en Mar del Plata.<\/p>\n<p class=\"isSelectedEnd\">Ser\u00e1, entonces, un fin de semana especial para el b\u00e1squet de la ciudad y particularmente para Estudiantes, que volver\u00e1 a estar representado en una competencia de selecciones. Para quienes d\u00eda a d\u00eda transitan las formativas del Club, esta convocatoria es tambi\u00e9n el resultado de un camino de crecimiento, aprendizaje y esfuerzo sostenido.<\/p>\n<p class=\"isSelectedEnd\">Desde Estudiantes felicitamos a los convocados por este reconocimiento y les deseamos el mayor de los \u00e9xitos en el desaf\u00edo que tendr\u00e1n por delante. Que disfruten la experiencia, compitan al m\u00e1ximo y representen de la mejor manera a Olavarr\u00eda y a los colores del Bata.<\/p>\n<h3>Fixture de Olavarr\u00eda<\/h3>\n<p class=\"isSelectedEnd\"><strong>Viernes 4 de septiembre<\/strong><\/p>\n<ul data-spread=\"false\">\n<li><strong>20:00 hs. | Olavarr\u00eda vs. Tres Arroyos<\/strong><br \/>\nSan Mart\u00edn de Sierras Bayas<\/li>\n<\/ul>\n<p class=\"isSelectedEnd\"><strong>S\u00e1bado 5 de septiembre<\/strong><\/p>\n<ul data-spread=\"true\">\n<li><strong>10:00 hs. | Olavarr\u00eda vs. BASO<\/strong><br \/>\nSan Mart\u00edn de Sierras Bayas<\/li>\n<li><strong>19:00 hs. | Olavarr\u00eda vs. Tandil<\/strong><br \/>\nSan Mart\u00edn de Sierras Bayas<\/li>\n<\/ul>\n<p class=\"isSelectedEnd\"><strong>Domingo 6 de septiembre<\/strong><\/p>\n<ul data-spread=\"false\">\n<li><strong>17:45 hs. | Olavarr\u00eda vs. Necochea<\/strong><br \/>\nSan Mart\u00edn de Sierras Bayas<\/li>\n<\/ul>\n","protected":false},"excerpt":{"rendered":"<p>Luca Mar\u00edn, Mateo Neuville, Segundo Elizaga y Gonzalo Herrera fueron  [&#8230;]<\/p>\n","protected":false},"author":3,"featured_media":10304,"comment_status":"open","ping_status":"open","sticky":false,"template":"","format":"standard","meta":{"_acf_changed":false,"_bbp_topic_count":0,"_bbp_reply_count":0,"_bbp_total_topic_count":0,"_bbp_total_reply_count":0,"_bbp_voice_count":0,"_bbp_anonymous_reply_count":0,"_bbp_topic_count_hidden":0,"_bbp_reply_count_hidden":0,"_bbp_forum_subforum_count":0,"content-type":"","footnotes":""},"categories":[66,62],"tags":[],"class_list":["post-10303","post","type-post","status-publish","format-standard","has-post-thumbnail","hentry","category-basquet","category-noticias"],"acf":[],"yoast_head":"<!-- This site is optimized with the Yoast SEO plugin v27.7 - https:\/\/yoast.com\/product\/yoast-seo-wordpress\/ -->\n<title>#CAEBASQUET Cuatro jugadores de Estudiantes integrar\u00e1n la Selecci\u00f3n de Olavarr\u00eda U17 en el Zonal del fin de semana - Club Atl\u00e9tico Estudiantes de Olavarr\u00eda | Sitio oficial<\/title>\n<meta name=\"robots\" content=\"index, follow, max-snippet:-1, max-image-preview:large, max-video-preview:-1\" \/>\n<link rel=\"canonical\" href=\"https:\/\/caeolavarria.com.ar\/index.php\/2026\/09\/01\/caebasquet-cuatro-jugadores-de-estudiantes-integraran-la-seleccion-de-olavarria-u17-en-el-zonal-del-fin-de-semana\/\" \/>\n<meta property=\"og:locale\" content=\"es_ES\" \/>\n<meta property=\"og:type\" content=\"article\" \/>\n<meta property=\"og:title\" content=\"#CAEBASQUET Cuatro jugadores de Estudiantes integrar\u00e1n la Selecci\u00f3n de Olavarr\u00eda U17 en el Zonal del fin de semana - Club Atl\u00e9tico Estudiantes de Olavarr\u00eda | Sitio oficial\" \/>\n<meta property=\"og:description\" content=\"Luca Mar\u00edn, Mateo Neuville, Segundo Elizaga y Gonzalo Herrera fueron [...]\" \/>\n<meta property=\"og:url\" content=\"https:\/\/caeolavarria.com.ar\/index.php\/2026\/09\/01\/caebasquet-cuatro-jugadores-de-estudiantes-integraran-la-seleccion-de-olavarria-u17-en-el-zonal-del-fin-de-semana\/\" \/>\n<meta property=\"og:site_name\" content=\"Club Atl\u00e9tico Estudiantes de Olavarr\u00eda | Sitio oficial\" \/>\n<meta property=\"article:publisher\" content=\"https:\/\/www.facebook.com\/caeolavarria\" \/>\n<meta property=\"article:published_time\" content=\"2026-09-02T00:59:32+00:00\" \/>\n<meta property=\"og:image\" content=\"https:\/\/caeolavarria.com.ar\/wp-content\/uploads\/2026\/09\/Basquet.jpg\" \/>\n\t<meta property=\"og:image:width\" content=\"2500\" \/>\n\t<meta property=\"og:image:height\" content=\"1500\" \/>\n\t<meta property=\"og:image:type\" content=\"image\/jpeg\" \/>\n<meta name=\"author\" content=\"Tom\u00e1s Cachero\" \/>\n<meta name=\"twitter:card\" content=\"summary_large_image\" \/>\n<meta name=\"twitter:creator\" content=\"@CAEOlavarria\" \/>\n<meta name=\"twitter:site\" content=\"@CAEOlavarria\" \/>\n<meta name=\"twitter:label1\" content=\"Escrito por\" \/>\n\t<meta name=\"twitter:data1\" content=\"Tom\u00e1s Cachero\" \/>\n\t<meta name=\"twitter:label2\" content=\"Tiempo de lectura\" \/>\n\t<meta name=\"twitter:data2\" content=\"1 minuto\" \/>\n<script type=\"application\/ld+json\" class=\"yoast-schema-graph\">{\"@context\":\"https:\\\/\\\/schema.org\",\"@graph\":[{\"@type\":\"Article\",\"@id\":\"https:\\\/\\\/caeolavarria.com.ar\\\/index.php\\\/2026\\\/09\\\/01\\\/caebasquet-cuatro-jugadores-de-estudiantes-integraran-la-seleccion-de-olavarria-u17-en-el-zonal-del-fin-de-semana\\\/#article\",\"isPartOf\":{\"@id\":\"https:\\\/\\\/caeolavarria.com.ar\\\/index.php\\\/2026\\\/09\\\/01\\\/caebasquet-cuatro-jugadores-de-estudiantes-integraran-la-seleccion-de-olavarria-u17-en-el-zonal-del-fin-de-semana\\\/\"},\"author\":{\"name\":\"Tom\u00e1s Cachero\",\"@id\":\"https:\\\/\\\/caeolavarria.com.ar\\\/#\\\/schema\\\/person\\\/b4f77f23a19fd9ceb50f457eb045d225\"},\"headline\":\"#CAEBASQUET Cuatro jugadores de Estudiantes integrar\u00e1n la Selecci\u00f3n de Olavarr\u00eda U17 en el Zonal del fin de semana\",\"datePublished\":\"2026-09-02T00:59:32+00:00\",\"mainEntityOfPage\":{\"@id\":\"https:\\\/\\\/caeolavarria.com.ar\\\/index.php\\\/2026\\\/09\\\/01\\\/caebasquet-cuatro-jugadores-de-estudiantes-integraran-la-seleccion-de-olavarria-u17-en-el-zonal-del-fin-de-semana\\\/\"},\"wordCount\":625,\"commentCount\":0,\"publisher\":{\"@id\":\"https:\\\/\\\/caeolavarria.com.ar\\\/#organization\"},\"image\":{\"@id\":\"https:\\\/\\\/caeolavarria.com.ar\\\/index.php\\\/2026\\\/09\\\/01\\\/caebasquet-cuatro-jugadores-de-estudiantes-integraran-la-seleccion-de-olavarria-u17-en-el-zonal-del-fin-de-semana\\\/#primaryimage\"},\"thumbnailUrl\":\"https:\\\/\\\/caeolavarria.com.ar\\\/wp-content\\\/uploads\\\/2026\\\/09\\\/Basquet.jpg\",\"articleSection\":[\"B\u00e1squet\",\"Noticias\"],\"inLanguage\":\"es-AR\",\"potentialAction\":[{\"@type\":\"CommentAction\",\"name\":\"Comment\",\"target\":[\"https:\\\/\\\/caeolavarria.com.ar\\\/index.php\\\/2026\\\/09\\\/01\\\/caebasquet-cuatro-jugadores-de-estudiantes-integraran-la-seleccion-de-olavarria-u17-en-el-zonal-del-fin-de-semana\\\/#respond\"]}]},{\"@type\":\"WebPage\",\"@id\":\"https:\\\/\\\/caeolavarria.com.ar\\\/index.php\\\/2026\\\/09\\\/01\\\/caebasquet-cuatro-jugadores-de-estudiantes-integraran-la-seleccion-de-olavarria-u17-en-el-zonal-del-fin-de-semana\\\/\",\"url\":\"https:\\\/\\\/caeolavarria.com.ar\\\/index.php\\\/2026\\\/09\\\/01\\\/caebasquet-cuatro-jugadores-de-estudiantes-integraran-la-seleccion-de-olavarria-u17-en-el-zonal-del-fin-de-semana\\\/\",\"name\":\"#CAEBASQUET Cuatro jugadores de Estudiantes integrar\u00e1n la Selecci\u00f3n de Olavarr\u00eda U17 en el Zonal del fin de semana - Club Atl\u00e9tico Estudiantes de Olavarr\u00eda | Sitio oficial\",\"isPartOf\":{\"@id\":\"https:\\\/\\\/caeolavarria.com.ar\\\/#website\"},\"primaryImageOfPage\":{\"@id\":\"https:\\\/\\\/caeolavarria.com.ar\\\/index.php\\\/2026\\\/09\\\/01\\\/caebasquet-cuatro-jugadores-de-estudiantes-integraran-la-seleccion-de-olavarria-u17-en-el-zonal-del-fin-de-semana\\\/#primaryimage\"},\"image\":{\"@id\":\"https:\\\/\\\/caeolavarria.com.ar\\\/index.php\\\/2026\\\/09\\\/01\\\/caebasquet-cuatro-jugadores-de-estudiantes-integraran-la-seleccion-de-olavarria-u17-en-el-zonal-del-fin-de-semana\\\/#primaryimage\"},\"thumbnailUrl\":\"https:\\\/\\\/caeolavarria.com.ar\\\/wp-content\\\/uploads\\\/2026\\\/09\\\/Basquet.jpg\",\"datePublished\":\"2026-09-02T00:59:32+00:00\",\"breadcrumb\":{\"@id\":\"https:\\\/\\\/caeolavarria.com.ar\\\/index.php\\\/2026\\\/09\\\/01\\\/caebasquet-cuatro-jugadores-de-estudiantes-integraran-la-seleccion-de-olavarria-u17-en-el-zonal-del-fin-de-semana\\\/#breadcrumb\"},\"inLanguage\":\"es-AR\",\"potentialAction\":[{\"@type\":\"ReadAction\",\"target\":[\"https:\\\/\\\/caeolavarria.com.ar\\\/index.php\\\/2026\\\/09\\\/01\\\/caebasquet-cuatro-jugadores-de-estudiantes-integraran-la-seleccion-de-olavarria-u17-en-el-zonal-del-fin-de-semana\\\/\"]}]},{\"@type\":\"ImageObject\",\"inLanguage\":\"es-AR\",\"@id\":\"https:\\\/\\\/caeolavarria.com.ar\\\/index.php\\\/2026\\\/09\\\/01\\\/caebasquet-cuatro-jugadores-de-estudiantes-integraran-la-seleccion-de-olavarria-u17-en-el-zonal-del-fin-de-semana\\\/#primaryimage\",\"url\":\"https:\\\/\\\/caeolavarria.com.ar\\\/wp-content\\\/uploads\\\/2026\\\/09\\\/Basquet.jpg\",\"contentUrl\":\"https:\\\/\\\/caeolavarria.com.ar\\\/wp-content\\\/uploads\\\/2026\\\/09\\\/Basquet.jpg\",\"width\":2500,\"height\":1500},{\"@type\":\"BreadcrumbList\",\"@id\":\"https:\\\/\\\/caeolavarria.com.ar\\\/index.php\\\/2026\\\/09\\\/01\\\/caebasquet-cuatro-jugadores-de-estudiantes-integraran-la-seleccion-de-olavarria-u17-en-el-zonal-del-fin-de-semana\\\/#breadcrumb\",\"itemListElement\":[{\"@type\":\"ListItem\",\"position\":1,\"name\":\"Inicio\",\"item\":\"https:\\\/\\\/caeolavarria.com.ar\\\/\"},{\"@type\":\"ListItem\",\"position\":2,\"name\":\"#CAEBASQUET Cuatro jugadores de Estudiantes integrar\u00e1n la Selecci\u00f3n de Olavarr\u00eda U17 en el Zonal del fin de semana\"}]},{\"@type\":\"WebSite\",\"@id\":\"https:\\\/\\\/caeolavarria.com.ar\\\/#website\",\"url\":\"https:\\\/\\\/caeolavarria.com.ar\\\/\",\"name\":\"Club Atl\u00e9tico Estudiantes de Olavarr\u00eda | Sitio oficial\",\"description\":\"\",\"publisher\":{\"@id\":\"https:\\\/\\\/caeolavarria.com.ar\\\/#organization\"},\"potentialAction\":[{\"@type\":\"SearchAction\",\"target\":{\"@type\":\"EntryPoint\",\"urlTemplate\":\"https:\\\/\\\/caeolavarria.com.ar\\\/?s={search_term_string}\"},\"query-input\":{\"@type\":\"PropertyValueSpecification\",\"valueRequired\":true,\"valueName\":\"search_term_string\"}}],\"inLanguage\":\"es-AR\"},{\"@type\":\"Organization\",\"@id\":\"https:\\\/\\\/caeolavarria.com.ar\\\/#organization\",\"name\":\"Club Atl\u00e9tico Estudiantes de Olavarr\u00eda\",\"url\":\"https:\\\/\\\/caeolavarria.com.ar\\\/\",\"logo\":{\"@type\":\"ImageObject\",\"inLanguage\":\"es-AR\",\"@id\":\"https:\\\/\\\/caeolavarria.com.ar\\\/#\\\/schema\\\/logo\\\/image\\\/\",\"url\":\"https:\\\/\\\/caeolavarria.com.ar\\\/wp-content\\\/uploads\\\/2025\\\/03\\\/logo-banco_Mesa-de-trabajo-1.png\",\"contentUrl\":\"https:\\\/\\\/caeolavarria.com.ar\\\/wp-content\\\/uploads\\\/2025\\\/03\\\/logo-banco_Mesa-de-trabajo-1.png\",\"width\":1355,\"height\":1355,\"caption\":\"Club Atl\u00e9tico Estudiantes de Olavarr\u00eda\"},\"image\":{\"@id\":\"https:\\\/\\\/caeolavarria.com.ar\\\/#\\\/schema\\\/logo\\\/image\\\/\"},\"sameAs\":[\"https:\\\/\\\/www.facebook.com\\\/caeolavarria\",\"https:\\\/\\\/x.com\\\/CAEOlavarria\",\"https:\\\/\\\/www.instagram.com\\\/estudiantesolavarria\\\/\"]},{\"@type\":\"Person\",\"@id\":\"https:\\\/\\\/caeolavarria.com.ar\\\/#\\\/schema\\\/person\\\/b4f77f23a19fd9ceb50f457eb045d225\",\"name\":\"Tom\u00e1s Cachero\",\"image\":{\"@type\":\"ImageObject\",\"inLanguage\":\"es-AR\",\"@id\":\"https:\\\/\\\/secure.gravatar.com\\\/avatar\\\/1c018d6d2f8a0ca9fd9a94335020132e2679e65ae849bfe0bf59d9af535750e9?s=96&d=mm&r=g\",\"url\":\"https:\\\/\\\/secure.gravatar.com\\\/avatar\\\/1c018d6d2f8a0ca9fd9a94335020132e2679e65ae849bfe0bf59d9af535750e9?s=96&d=mm&r=g\",\"contentUrl\":\"https:\\\/\\\/secure.gravatar.com\\\/avatar\\\/1c018d6d2f8a0ca9fd9a94335020132e2679e65ae849bfe0bf59d9af535750e9?s=96&d=mm&r=g\",\"caption\":\"Tom\u00e1s Cachero\"},\"url\":\"https:\\\/\\\/caeolavarria.com.ar\\\/index.php\\\/author\\\/tcachero\\\/\"}]}<\/script>\n<!-- \/ Yoast SEO plugin. -->","yoast_head_json":{"title":"#CAEBASQUET Cuatro jugadores de Estudiantes integrar\u00e1n la Selecci\u00f3n de Olavarr\u00eda U17 en el Zonal del fin de semana - Club Atl\u00e9tico Estudiantes de Olavarr\u00eda | Sitio oficial","robots":{"index":"index","follow":"follow","max-snippet":"max-snippet:-1","max-image-preview":"max-image-preview:large","max-video-preview":"max-video-preview:-1"},"canonical":"https:\/\/caeolavarria.com.ar\/index.php\/2026\/09\/01\/caebasquet-cuatro-jugadores-de-estudiantes-integraran-la-seleccion-de-olavarria-u17-en-el-zonal-del-fin-de-semana\/","og_locale":"es_ES","og_type":"article","og_title":"#CAEBASQUET Cuatro jugadores de Estudiantes integrar\u00e1n la Selecci\u00f3n de Olavarr\u00eda U17 en el Zonal del fin de semana - Club Atl\u00e9tico Estudiantes de Olavarr\u00eda | Sitio oficial","og_description":"Luca Mar\u00edn, Mateo Neuville, Segundo Elizaga y Gonzalo Herrera fueron [...]","og_url":"https:\/\/caeolavarria.com.ar\/index.php\/2026\/09\/01\/caebasquet-cuatro-jugadores-de-estudiantes-integraran-la-seleccion-de-olavarria-u17-en-el-zonal-del-fin-de-semana\/","og_site_name":"Club Atl\u00e9tico Estudiantes de Olavarr\u00eda | Sitio oficial","article_publisher":"https:\/\/www.facebook.com\/caeolavarria","article_published_time":"2026-09-02T00:59:32+00:00","og_image":[{"width":2500,"height":1500,"url":"https:\/\/caeolavarria.com.ar\/wp-content\/uploads\/2026\/09\/Basquet.jpg","type":"image\/jpeg"}],"author":"Tom\u00e1s Cachero","twitter_card":"summary_large_image","twitter_creator":"@CAEOlavarria","twitter_site":"@CAEOlavarria","twitter_misc":{"Escrito por":"Tom\u00e1s Cachero","Tiempo de lectura":"1 minuto"},"schema":{"@context":"https:\/\/schema.org","@graph":[{"@type":"Article","@id":"https:\/\/caeolavarria.com.ar\/index.php\/2026\/09\/01\/caebasquet-cuatro-jugadores-de-estudiantes-integraran-la-seleccion-de-olavarria-u17-en-el-zonal-del-fin-de-semana\/#article","isPartOf":{"@id":"https:\/\/caeolavarria.com.ar\/index.php\/2026\/09\/01\/caebasquet-cuatro-jugadores-de-estudiantes-integraran-la-seleccion-de-olavarria-u17-en-el-zonal-del-fin-de-semana\/"},"author":{"name":"Tom\u00e1s Cachero","@id":"https:\/\/caeolavarria.com.ar\/#\/schema\/person\/b4f77f23a19fd9ceb50f457eb045d225"},"headline":"#CAEBASQUET Cuatro jugadores de Estudiantes integrar\u00e1n la Selecci\u00f3n de Olavarr\u00eda U17 en el Zonal del fin de semana","datePublished":"2026-09-02T00:59:32+00:00","mainEntityOfPage":{"@id":"https:\/\/caeolavarria.com.ar\/index.php\/2026\/09\/01\/caebasquet-cuatro-jugadores-de-estudiantes-integraran-la-seleccion-de-olavarria-u17-en-el-zonal-del-fin-de-semana\/"},"wordCount":625,"commentCount":0,"publisher":{"@id":"https:\/\/caeolavarria.com.ar\/#organization"},"image":{"@id":"https:\/\/caeolavarria.com.ar\/index.php\/2026\/09\/01\/caebasquet-cuatro-jugadores-de-estudiantes-integraran-la-seleccion-de-olavarria-u17-en-el-zonal-del-fin-de-semana\/#primaryimage"},"thumbnailUrl":"https:\/\/caeolavarria.com.ar\/wp-content\/uploads\/2026\/09\/Basquet.jpg","articleSection":["B\u00e1squet","Noticias"],"inLanguage":"es-AR","potentialAction":[{"@type":"CommentAction","name":"Comment","target":["https:\/\/caeolavarria.com.ar\/index.php\/2026\/09\/01\/caebasquet-cuatro-jugadores-de-estudiantes-integraran-la-seleccion-de-olavarria-u17-en-el-zonal-del-fin-de-semana\/#respond"]}]},{"@type":"WebPage","@id":"https:\/\/caeolavarria.com.ar\/index.php\/2026\/09\/01\/caebasquet-cuatro-jugadores-de-estudiantes-integraran-la-seleccion-de-olavarria-u17-en-el-zonal-del-fin-de-semana\/","url":"https:\/\/caeolavarria.com.ar\/index.php\/2026\/09\/01\/caebasquet-cuatro-jugadores-de-estudiantes-integraran-la-seleccion-de-olavarria-u17-en-el-zonal-del-fin-de-semana\/","name":"#CAEBASQUET Cuatro jugadores de Estudiantes integrar\u00e1n la Selecci\u00f3n de Olavarr\u00eda U17 en el Zonal del fin de semana - Club Atl\u00e9tico Estudiantes de Olavarr\u00eda | Sitio oficial","isPartOf":{"@id":"https:\/\/caeolavarria.com.ar\/#website"},"primaryImageOfPage":{"@id":"https:\/\/caeolavarria.com.ar\/index.php\/2026\/09\/01\/caebasquet-cuatro-jugadores-de-estudiantes-integraran-la-seleccion-de-olavarria-u17-en-el-zonal-del-fin-de-semana\/#primaryimage"},"image":{"@id":"https:\/\/caeolavarria.com.ar\/index.php\/2026\/09\/01\/caebasquet-cuatro-jugadores-de-estudiantes-integraran-la-seleccion-de-olavarria-u17-en-el-zonal-del-fin-de-semana\/#primaryimage"},"thumbnailUrl":"https:\/\/caeolavarria.com.ar\/wp-content\/uploads\/2026\/09\/Basquet.jpg","datePublished":"2026-09-02T00:59:32+00:00","breadcrumb":{"@id":"https:\/\/caeolavarria.com.ar\/index.php\/2026\/09\/01\/caebasquet-cuatro-jugadores-de-estudiantes-integraran-la-seleccion-de-olavarria-u17-en-el-zonal-del-fin-de-semana\/#breadcrumb"},"inLanguage":"es-AR","potentialAction":[{"@type":"ReadAction","target":["https:\/\/caeolavarria.com.ar\/index.php\/2026\/09\/01\/caebasquet-cuatro-jugadores-de-estudiantes-integraran-la-seleccion-de-olavarria-u17-en-el-zonal-del-fin-de-semana\/"]}]},{"@type":"ImageObject","inLanguage":"es-AR","@id":"https:\/\/caeolavarria.com.ar\/index.php\/2026\/09\/01\/caebasquet-cuatro-jugadores-de-estudiantes-integraran-la-seleccion-de-olavarria-u17-en-el-zonal-del-fin-de-semana\/#primaryimage","url":"https:\/\/caeolavarria.com.ar\/wp-content\/uploads\/2026\/09\/Basquet.jpg","contentUrl":"https:\/\/caeolavarria.com.ar\/wp-content\/uploads\/2026\/09\/Basquet.jpg","width":2500,"height":1500},{"@type":"BreadcrumbList","@id":"https:\/\/caeolavarria.com.ar\/index.php\/2026\/09\/01\/caebasquet-cuatro-jugadores-de-estudiantes-integraran-la-seleccion-de-olavarria-u17-en-el-zonal-del-fin-de-semana\/#breadcrumb","itemListElement":[{"@type":"ListItem","position":1,"name":"Inicio","item":"https:\/\/caeolavarria.com.ar\/"},{"@type":"ListItem","position":2,"name":"#CAEBASQUET Cuatro jugadores de Estudiantes integrar\u00e1n la Selecci\u00f3n de Olavarr\u00eda U17 en el Zonal del fin de semana"}]},{"@type":"WebSite","@id":"https:\/\/caeolavarria.com.ar\/#website","url":"https:\/\/caeolavarria.com.ar\/","name":"Club Atl\u00e9tico Estudiantes de Olavarr\u00eda | Sitio oficial","description":"","publisher":{"@id":"https:\/\/caeolavarria.com.ar\/#organization"},"potentialAction":[{"@type":"SearchAction","target":{"@type":"EntryPoint","urlTemplate":"https:\/\/caeolavarria.com.ar\/?s={search_term_string}"},"query-input":{"@type":"PropertyValueSpecification","valueRequired":true,"valueName":"search_term_string"}}],"inLanguage":"es-AR"},{"@type":"Organization","@id":"https:\/\/caeolavarria.com.ar\/#organization","name":"Club Atl\u00e9tico Estudiantes de Olavarr\u00eda","url":"https:\/\/caeolavarria.com.ar\/","logo":{"@type":"ImageObject","inLanguage":"es-AR","@id":"https:\/\/caeolavarria.com.ar\/#\/schema\/logo\/image\/","url":"https:\/\/caeolavarria.com.ar\/wp-content\/uploads\/2025\/03\/logo-banco_Mesa-de-trabajo-1.png","contentUrl":"https:\/\/caeolavarria.com.ar\/wp-content\/uploads\/2025\/03\/logo-banco_Mesa-de-trabajo-1.png","width":1355,"height":1355,"caption":"Club Atl\u00e9tico Estudiantes de Olavarr\u00eda"},"image":{"@id":"https:\/\/caeolavarria.com.ar\/#\/schema\/logo\/image\/"},"sameAs":["https:\/\/www.facebook.com\/caeolavarria","https:\/\/x.com\/CAEOlavarria","https:\/\/www.instagram.com\/estudiantesolavarria\/"]},{"@type":"Person","@id":"https:\/\/caeolavarria.com.ar\/#\/schema\/person\/b4f77f23a19fd9ceb50f457eb045d225","name":"Tom\u00e1s Cachero","image":{"@type":"ImageObject","inLanguage":"es-AR","@id":"https:\/\/secure.gravatar.com\/avatar\/1c018d6d2f8a0ca9fd9a94335020132e2679e65ae849bfe0bf59d9af535750e9?s=96&d=mm&r=g","url":"https:\/\/secure.gravatar.com\/avatar\/1c018d6d2f8a0ca9fd9a94335020132e2679e65ae849bfe0bf59d9af535750e9?s=96&d=mm&r=g","contentUrl":"https:\/\/secure.gravatar.com\/avatar\/1c018d6d2f8a0ca9fd9a94335020132e2679e65ae849bfe0bf59d9af535750e9?s=96&d=mm&r=g","caption":"Tom\u00e1s Cachero"},"url":"https:\/\/caeolavarria.com.ar\/index.php\/author\/tcachero\/"}]}},"_links":{"self":[{"href":"https:\/\/caeolavarria.com.ar\/index.php\/wp-json\/wp\/v2\/posts\/10303","targetHints":{"allow":["GET"]}}],"collection":[{"href":"https:\/\/caeolavarria.com.ar\/index.php\/wp-json\/wp\/v2\/posts"}],"about":[{"href":"https:\/\/caeolavarria.com.ar\/index.php\/wp-json\/wp\/v2\/types\/post"}],"author":[{"embeddable":true,"href":"https:\/\/caeolavarria.com.ar\/index.php\/wp-json\/wp\/v2\/users\/3"}],"replies":[{"embeddable":true,"href":"https:\/\/caeolavarria.com.ar\/index.php\/wp-json\/wp\/v2\/comments?post=10303"}],"version-history":[{"count":1,"href":"https:\/\/caeolavarria.com.ar\/index.php\/wp-json\/wp\/v2\/posts\/10303\/revisions"}],"predecessor-version":[{"id":10305,"href":"https:\/\/caeolavarria.com.ar\/index.php\/wp-json\/wp\/v2\/posts\/10303\/revisions\/10305"}],"wp:featuredmedia":[{"embeddable":true,"href":"https:\/\/caeolavarria.com.ar\/index.php\/wp-json\/wp\/v2\/media\/10304"}],"wp:attachment":[{"href":"https:\/\/caeolavarria.com.ar\/index.php\/wp-json\/wp\/v2\/media?parent=10303"}],"wp:term":[{"taxonomy":"category","embeddable":true,"href":"https:\/\/caeolavarria.com.ar\/index.php\/wp-json\/wp\/v2\/categories?post=10303"},{"taxonomy":"post_tag","embeddable":true,"href":"https:\/\/caeolavarria.com.ar\/index.php\/wp-json\/wp\/v2\/tags?post=10303"}],"curies":[{"name":"wp","href":"https:\/\/api.w.org\/{rel}","templated":true}]}}