{"id":10306,"date":"2026-09-01T22:12:51","date_gmt":"2026-09-02T01:12:51","guid":{"rendered":"https:\/\/caeolavarria.com.ar\/?p=10306"},"modified":"2026-09-01T22:17:10","modified_gmt":"2026-09-02T01:17:10","slug":"caehockey-doce-representantes-de-estudiantes-estaran-en-los-seleccionados-sub-16-de-la-fth","status":"publish","type":"post","link":"https:\/\/caeolavarria.com.ar\/index.php\/2026\/09\/01\/caehockey-doce-representantes-de-estudiantes-estaran-en-los-seleccionados-sub-16-de-la-fth\/","title":{"rendered":"#CAEHOCKEY Doce representantes de Estudiantes estar\u00e1n en los Seleccionados Sub 16 de la FTH"},"content":{"rendered":"<p class=\"PDq2pG_selectionAnchorContainer\" data-start=\"628\" data-end=\"895\"><strong data-start=\"628\" data-end=\"895\">Seis batarazas y seis bataraces fueron convocados para representar a la Federaci\u00f3n Tandilense en el Campeonato Argentino de Seleccionados Sub 16, que se disputar\u00e1 desde este jueves en Rosario. Adem\u00e1s, Francisco Amoroso integrar\u00e1 el cuerpo t\u00e9cnico como entrenador del Femenino.<\/strong><\/p>\n<p data-start=\"897\" data-end=\"1165\">El hockey de Estudiantes tendr\u00e1 una importante presencia en el Campeonato Argentino de Seleccionados Sub 16, que desde este jueves y hasta el domingo se desarrollar\u00e1 en Rosario, con la participaci\u00f3n de los seleccionados de todo el pa\u00eds en las ramas Damas y Caballeros.<\/p>\n<p data-start=\"1167\" data-end=\"1716\">La instituci\u00f3n estar\u00e1 representada por una nutrida delegaci\u00f3n, con doce jugadores convocados para vestir la camiseta de la Federaci\u00f3n Tandilense. En la rama femenina fueron seleccionadas Mercedes Olivieri, Ema Ram\u00edrez, Elena Arcumano, Juana Ripoll, Milagros Amoroso Alcaza e Ignacia Arouxet, mientras que en Caballeros forman parte de la convocatoria Tom\u00e1s Pistasoli, Ignacio Ruiz, Francisco Amoroso Alcaza, Ciro Cominotto, Juan Andr\u00e9s Rossi y Valent\u00edn Andraca. A ellos se suma Francisco Amoroso, quien ser\u00e1 parte del cuerpo t\u00e9cnico como entrenador del Femenino.<\/p>\n<p data-start=\"1718\" data-end=\"2092\">La convocatoria representa un motivo de orgullo para Estudiantes y vuelve a poner en valor el trabajo que se realiza diariamente en las categor\u00edas formativas del hockey albinegro. La presencia de doce jugadores del Club en una competencia nacional constituye un reconocimiento al recorrido deportivo de cada uno de ellos y al acompa\u00f1amiento que reciben durante su formaci\u00f3n.<\/p>\n<p data-start=\"2094\" data-end=\"2525\">El Campeonato Argentino reunir\u00e1 durante cuatro jornadas a las principales asociaciones y federaciones del pa\u00eds, con la Federaci\u00f3n Tandilense participando en dos de las categor\u00edas establecidas por la Confederaci\u00f3n Argentina de Hockey: Sub 16 Damas B y Sub 16 Caballeros A. La competencia tendr\u00e1 diferentes escenarios en Rosario y se extender\u00e1 desde el jueves 3 hasta el domingo 6 de septiembre.<\/p>\n<p data-start=\"2527\" data-end=\"2877\">En la rama femenina, la Federaci\u00f3n Tandilense integra la Zona B junto con la Asociaci\u00f3n de Buenos Aires, la Asociaci\u00f3n Mendocina y la Asociaci\u00f3n Sanjuanina. El debut ser\u00e1 este jueves a las 12:20 frente a Buenos Aires, mientras que por la noche, desde las 19:30, enfrentar\u00e1 a Mendoza. El viernes, a las 15:40, completar\u00e1 la fase inicial ante San Juan.<\/p>\n<p data-start=\"2879\" data-end=\"3256\">Por el lado de los Caballeros, la Federaci\u00f3n Tandilense forma parte de la Zona B del Sub 16 A junto a la Asociaci\u00f3n de Buenos Aires, la Asociaci\u00f3n Litoral y la Asociaci\u00f3n Sanjuanina. Su estreno ser\u00e1 este jueves a las 16:10 frente a Buenos Aires. El viernes tendr\u00e1 una doble jornada: a las 11:50 se medir\u00e1 con San Juan y, desde las 19:00, cerrar\u00e1 la fase de grupos ante Litoral.<\/p>\n<p data-start=\"3258\" data-end=\"3673\">A partir de all\u00ed, los seleccionados continuar\u00e1n su camino en las instancias definitorias de acuerdo con las posiciones obtenidas en sus respectivas zonas. El fixture oficial establece para el s\u00e1bado los cruces correspondientes a las distintas posiciones y semifinales, mientras que el domingo se disputar\u00e1n los encuentros que definir\u00e1n las posiciones finales de cada categor\u00eda.<\/p>\n<p data-start=\"3675\" data-end=\"3970\">Ser\u00e1 una experiencia de enorme valor para los j\u00f3venes del Club, que tendr\u00e1n la posibilidad de compartir equipo con jugadores de distintos clubes de la Federaci\u00f3n Tandilense, competir frente a seleccionados de diferentes puntos del pa\u00eds y continuar sumando experiencias en su camino de formaci\u00f3n.<\/p>\n<p data-start=\"3972\" data-end=\"4251\">Para Estudiantes, adem\u00e1s, ser\u00e1 otro fin de semana especial para acompa\u00f1ar a quienes representan al Club en una instancia nacional. El hockey vuelve a demostrar as\u00ed el crecimiento de sus formativas y la importancia del trabajo colectivo que se desarrolla temporada tras temporada.<\/p>\n<p data-start=\"4253\" data-end=\"4531\">Desde Estudiantes felicitamos a todos los convocados y a Francisco Amoroso por esta oportunidad y les deseamos el mayor de los \u00e9xitos en Rosario. Que disfruten cada partido, compitan al m\u00e1ximo y representen de la mejor manera a la Federaci\u00f3n Tandilense y a los colores del Bata.<\/p>\n<h3 data-section-id=\"r2kj3e\" data-start=\"4533\" data-end=\"4572\">Fixture de la Federaci\u00f3n Tandilense<\/h3>\n<p data-start=\"4574\" data-end=\"4592\"><strong data-start=\"4574\" data-end=\"4592\">Sub 16 Damas B<\/strong><\/p>\n<p data-start=\"4594\" data-end=\"4620\"><strong data-start=\"4594\" data-end=\"4620\">Jueves 3 de septiembre<\/strong><\/p>\n<ul data-start=\"4622\" data-end=\"4792\">\n<li data-section-id=\"17n6yao\" data-start=\"4622\" data-end=\"4705\"><strong data-start=\"4624\" data-end=\"4692\">12:20 hs. | Federaci\u00f3n Tandilense vs. Asociaci\u00f3n de Buenos Aires<\/strong><br \/>\nCancha GER<\/li>\n<li data-section-id=\"kyd08s\" data-start=\"4707\" data-end=\"4792\"><strong data-start=\"4709\" data-end=\"4771\">19:30 hs. | Asociaci\u00f3n Mendocina vs. Federaci\u00f3n Tandilense<\/strong><br \/>\nCancha Jockey Agua<\/li>\n<\/ul>\n<p data-start=\"4794\" data-end=\"4821\"><strong data-start=\"4794\" data-end=\"4821\">Viernes 4 de septiembre<\/strong><\/p>\n<ul data-start=\"4823\" data-end=\"4909\">\n<li data-section-id=\"1wlxgtx\" data-start=\"4823\" data-end=\"4909\"><strong data-start=\"4825\" data-end=\"4888\">15:40 hs. | Asociaci\u00f3n Sanjuanina vs. Federaci\u00f3n Tandilense<\/strong><br \/>\nCancha Jockey Agua<\/li>\n<\/ul>\n<p data-start=\"4911\" data-end=\"4934\"><strong data-start=\"4911\" data-end=\"4934\">Sub 16 Caballeros A<\/strong><\/p>\n<p data-start=\"4936\" data-end=\"4962\"><strong data-start=\"4936\" data-end=\"4962\">Jueves 3 de septiembre<\/strong><\/p>\n<ul data-start=\"4964\" data-end=\"5056\">\n<li data-section-id=\"xquzq7\" data-start=\"4964\" data-end=\"5056\"><strong data-start=\"4966\" data-end=\"5034\">16:10 hs. | Asociaci\u00f3n de Buenos Aires vs. Federaci\u00f3n Tandilense<\/strong><br \/>\nCancha Jockey Arena<\/li>\n<\/ul>\n<p data-start=\"5058\" data-end=\"5085\"><strong data-start=\"5058\" data-end=\"5085\">Viernes 4 de septiembre<\/strong><\/p>\n<ul data-start=\"5087\" data-end=\"5259\">\n<li data-section-id=\"1k8y7cg\" data-start=\"5087\" data-end=\"5173\"><strong data-start=\"5089\" data-end=\"5152\">11:50 hs. | Federaci\u00f3n Tandilense vs. Asociaci\u00f3n Sanjuanina<\/strong><br \/>\nCancha Jockey Agua<\/li>\n<li data-section-id=\"1tqj3lp\" data-start=\"5175\" data-end=\"5259\"><strong data-start=\"5177\" data-end=\"5237\">19:00 hs. | Asociaci\u00f3n Litoral vs. Federaci\u00f3n Tandilense<\/strong><br \/>\nCancha Jockey Arena<\/li>\n<\/ul>\n","protected":false},"excerpt":{"rendered":"<p>Seis batarazas y seis bataraces fueron convocados para representar a  [&#8230;]<\/p>\n","protected":false},"author":3,"featured_media":10307,"comment_status":"open","ping_status":"open","sticky":false,"template":"","format":"standard","meta":{"_acf_changed":false,"_bbp_topic_count":0,"_bbp_reply_count":0,"_bbp_total_topic_count":0,"_bbp_total_reply_count":0,"_bbp_voice_count":0,"_bbp_anonymous_reply_count":0,"_bbp_topic_count_hidden":0,"_bbp_reply_count_hidden":0,"_bbp_forum_subforum_count":0,"content-type":"","footnotes":""},"categories":[72,62],"tags":[],"class_list":["post-10306","post","type-post","status-publish","format-standard","has-post-thumbnail","hentry","category-hockey","category-noticias"],"acf":[],"yoast_head":"<!-- This site is optimized with the Yoast SEO plugin v27.7 - https:\/\/yoast.com\/product\/yoast-seo-wordpress\/ -->\n<title>#CAEHOCKEY Doce representantes de Estudiantes estar\u00e1n en los Seleccionados Sub 16 de la FTH - Club Atl\u00e9tico Estudiantes de Olavarr\u00eda | Sitio oficial<\/title>\n<meta name=\"robots\" content=\"index, follow, max-snippet:-1, max-image-preview:large, max-video-preview:-1\" \/>\n<link rel=\"canonical\" href=\"https:\/\/caeolavarria.com.ar\/index.php\/2026\/09\/01\/caehockey-doce-representantes-de-estudiantes-estaran-en-los-seleccionados-sub-16-de-la-fth\/\" \/>\n<meta property=\"og:locale\" content=\"es_ES\" \/>\n<meta property=\"og:type\" content=\"article\" \/>\n<meta property=\"og:title\" content=\"#CAEHOCKEY Doce representantes de Estudiantes estar\u00e1n en los Seleccionados Sub 16 de la FTH - Club Atl\u00e9tico Estudiantes de Olavarr\u00eda | Sitio oficial\" \/>\n<meta property=\"og:description\" content=\"Seis batarazas y seis bataraces fueron convocados para representar a [...]\" \/>\n<meta property=\"og:url\" content=\"https:\/\/caeolavarria.com.ar\/index.php\/2026\/09\/01\/caehockey-doce-representantes-de-estudiantes-estaran-en-los-seleccionados-sub-16-de-la-fth\/\" \/>\n<meta property=\"og:site_name\" content=\"Club Atl\u00e9tico Estudiantes de Olavarr\u00eda | Sitio oficial\" \/>\n<meta property=\"article:publisher\" content=\"https:\/\/www.facebook.com\/caeolavarria\" \/>\n<meta property=\"article:published_time\" content=\"2026-09-02T01:12:51+00:00\" \/>\n<meta property=\"article:modified_time\" content=\"2026-09-02T01:17:10+00:00\" \/>\n<meta property=\"og:image\" content=\"https:\/\/caeolavarria.com.ar\/wp-content\/uploads\/2026\/09\/Hockey.jpg\" \/>\n\t<meta property=\"og:image:width\" content=\"2500\" \/>\n\t<meta property=\"og:image:height\" content=\"1500\" \/>\n\t<meta property=\"og:image:type\" content=\"image\/jpeg\" \/>\n<meta name=\"author\" content=\"Tom\u00e1s Cachero\" \/>\n<meta name=\"twitter:card\" content=\"summary_large_image\" \/>\n<meta name=\"twitter:creator\" content=\"@CAEOlavarria\" \/>\n<meta name=\"twitter:site\" content=\"@CAEOlavarria\" \/>\n<meta name=\"twitter:label1\" content=\"Escrito por\" \/>\n\t<meta name=\"twitter:data1\" content=\"Tom\u00e1s Cachero\" \/>\n\t<meta name=\"twitter:label2\" content=\"Tiempo de lectura\" \/>\n\t<meta name=\"twitter:data2\" content=\"4 minutos\" \/>\n<script type=\"application\/ld+json\" class=\"yoast-schema-graph\">{\"@context\":\"https:\\\/\\\/schema.org\",\"@graph\":[{\"@type\":\"Article\",\"@id\":\"https:\\\/\\\/caeolavarria.com.ar\\\/index.php\\\/2026\\\/09\\\/01\\\/caehockey-doce-representantes-de-estudiantes-estaran-en-los-seleccionados-sub-16-de-la-fth\\\/#article\",\"isPartOf\":{\"@id\":\"https:\\\/\\\/caeolavarria.com.ar\\\/index.php\\\/2026\\\/09\\\/01\\\/caehockey-doce-representantes-de-estudiantes-estaran-en-los-seleccionados-sub-16-de-la-fth\\\/\"},\"author\":{\"name\":\"Tom\u00e1s Cachero\",\"@id\":\"https:\\\/\\\/caeolavarria.com.ar\\\/#\\\/schema\\\/person\\\/b4f77f23a19fd9ceb50f457eb045d225\"},\"headline\":\"#CAEHOCKEY Doce representantes de Estudiantes estar\u00e1n en los Seleccionados Sub 16 de la FTH\",\"datePublished\":\"2026-09-02T01:12:51+00:00\",\"dateModified\":\"2026-09-02T01:17:10+00:00\",\"mainEntityOfPage\":{\"@id\":\"https:\\\/\\\/caeolavarria.com.ar\\\/index.php\\\/2026\\\/09\\\/01\\\/caehockey-doce-representantes-de-estudiantes-estaran-en-los-seleccionados-sub-16-de-la-fth\\\/\"},\"wordCount\":739,\"commentCount\":0,\"publisher\":{\"@id\":\"https:\\\/\\\/caeolavarria.com.ar\\\/#organization\"},\"image\":{\"@id\":\"https:\\\/\\\/caeolavarria.com.ar\\\/index.php\\\/2026\\\/09\\\/01\\\/caehockey-doce-representantes-de-estudiantes-estaran-en-los-seleccionados-sub-16-de-la-fth\\\/#primaryimage\"},\"thumbnailUrl\":\"https:\\\/\\\/caeolavarria.com.ar\\\/wp-content\\\/uploads\\\/2026\\\/09\\\/Hockey.jpg\",\"articleSection\":[\"Hockey\",\"Noticias\"],\"inLanguage\":\"es-AR\",\"potentialAction\":[{\"@type\":\"CommentAction\",\"name\":\"Comment\",\"target\":[\"https:\\\/\\\/caeolavarria.com.ar\\\/index.php\\\/2026\\\/09\\\/01\\\/caehockey-doce-representantes-de-estudiantes-estaran-en-los-seleccionados-sub-16-de-la-fth\\\/#respond\"]}]},{\"@type\":\"WebPage\",\"@id\":\"https:\\\/\\\/caeolavarria.com.ar\\\/index.php\\\/2026\\\/09\\\/01\\\/caehockey-doce-representantes-de-estudiantes-estaran-en-los-seleccionados-sub-16-de-la-fth\\\/\",\"url\":\"https:\\\/\\\/caeolavarria.com.ar\\\/index.php\\\/2026\\\/09\\\/01\\\/caehockey-doce-representantes-de-estudiantes-estaran-en-los-seleccionados-sub-16-de-la-fth\\\/\",\"name\":\"#CAEHOCKEY Doce representantes de Estudiantes estar\u00e1n en los Seleccionados Sub 16 de la FTH - Club Atl\u00e9tico Estudiantes de Olavarr\u00eda | Sitio oficial\",\"isPartOf\":{\"@id\":\"https:\\\/\\\/caeolavarria.com.ar\\\/#website\"},\"primaryImageOfPage\":{\"@id\":\"https:\\\/\\\/caeolavarria.com.ar\\\/index.php\\\/2026\\\/09\\\/01\\\/caehockey-doce-representantes-de-estudiantes-estaran-en-los-seleccionados-sub-16-de-la-fth\\\/#primaryimage\"},\"image\":{\"@id\":\"https:\\\/\\\/caeolavarria.com.ar\\\/index.php\\\/2026\\\/09\\\/01\\\/caehockey-doce-representantes-de-estudiantes-estaran-en-los-seleccionados-sub-16-de-la-fth\\\/#primaryimage\"},\"thumbnailUrl\":\"https:\\\/\\\/caeolavarria.com.ar\\\/wp-content\\\/uploads\\\/2026\\\/09\\\/Hockey.jpg\",\"datePublished\":\"2026-09-02T01:12:51+00:00\",\"dateModified\":\"2026-09-02T01:17:10+00:00\",\"breadcrumb\":{\"@id\":\"https:\\\/\\\/caeolavarria.com.ar\\\/index.php\\\/2026\\\/09\\\/01\\\/caehockey-doce-representantes-de-estudiantes-estaran-en-los-seleccionados-sub-16-de-la-fth\\\/#breadcrumb\"},\"inLanguage\":\"es-AR\",\"potentialAction\":[{\"@type\":\"ReadAction\",\"target\":[\"https:\\\/\\\/caeolavarria.com.ar\\\/index.php\\\/2026\\\/09\\\/01\\\/caehockey-doce-representantes-de-estudiantes-estaran-en-los-seleccionados-sub-16-de-la-fth\\\/\"]}]},{\"@type\":\"ImageObject\",\"inLanguage\":\"es-AR\",\"@id\":\"https:\\\/\\\/caeolavarria.com.ar\\\/index.php\\\/2026\\\/09\\\/01\\\/caehockey-doce-representantes-de-estudiantes-estaran-en-los-seleccionados-sub-16-de-la-fth\\\/#primaryimage\",\"url\":\"https:\\\/\\\/caeolavarria.com.ar\\\/wp-content\\\/uploads\\\/2026\\\/09\\\/Hockey.jpg\",\"contentUrl\":\"https:\\\/\\\/caeolavarria.com.ar\\\/wp-content\\\/uploads\\\/2026\\\/09\\\/Hockey.jpg\",\"width\":2500,\"height\":1500},{\"@type\":\"BreadcrumbList\",\"@id\":\"https:\\\/\\\/caeolavarria.com.ar\\\/index.php\\\/2026\\\/09\\\/01\\\/caehockey-doce-representantes-de-estudiantes-estaran-en-los-seleccionados-sub-16-de-la-fth\\\/#breadcrumb\",\"itemListElement\":[{\"@type\":\"ListItem\",\"position\":1,\"name\":\"Inicio\",\"item\":\"https:\\\/\\\/caeolavarria.com.ar\\\/\"},{\"@type\":\"ListItem\",\"position\":2,\"name\":\"#CAEHOCKEY Doce representantes de Estudiantes estar\u00e1n en los Seleccionados Sub 16 de la FTH\"}]},{\"@type\":\"WebSite\",\"@id\":\"https:\\\/\\\/caeolavarria.com.ar\\\/#website\",\"url\":\"https:\\\/\\\/caeolavarria.com.ar\\\/\",\"name\":\"Club Atl\u00e9tico Estudiantes de Olavarr\u00eda | Sitio oficial\",\"description\":\"\",\"publisher\":{\"@id\":\"https:\\\/\\\/caeolavarria.com.ar\\\/#organization\"},\"potentialAction\":[{\"@type\":\"SearchAction\",\"target\":{\"@type\":\"EntryPoint\",\"urlTemplate\":\"https:\\\/\\\/caeolavarria.com.ar\\\/?s={search_term_string}\"},\"query-input\":{\"@type\":\"PropertyValueSpecification\",\"valueRequired\":true,\"valueName\":\"search_term_string\"}}],\"inLanguage\":\"es-AR\"},{\"@type\":\"Organization\",\"@id\":\"https:\\\/\\\/caeolavarria.com.ar\\\/#organization\",\"name\":\"Club Atl\u00e9tico Estudiantes de Olavarr\u00eda\",\"url\":\"https:\\\/\\\/caeolavarria.com.ar\\\/\",\"logo\":{\"@type\":\"ImageObject\",\"inLanguage\":\"es-AR\",\"@id\":\"https:\\\/\\\/caeolavarria.com.ar\\\/#\\\/schema\\\/logo\\\/image\\\/\",\"url\":\"https:\\\/\\\/caeolavarria.com.ar\\\/wp-content\\\/uploads\\\/2025\\\/03\\\/logo-banco_Mesa-de-trabajo-1.png\",\"contentUrl\":\"https:\\\/\\\/caeolavarria.com.ar\\\/wp-content\\\/uploads\\\/2025\\\/03\\\/logo-banco_Mesa-de-trabajo-1.png\",\"width\":1355,\"height\":1355,\"caption\":\"Club Atl\u00e9tico Estudiantes de Olavarr\u00eda\"},\"image\":{\"@id\":\"https:\\\/\\\/caeolavarria.com.ar\\\/#\\\/schema\\\/logo\\\/image\\\/\"},\"sameAs\":[\"https:\\\/\\\/www.facebook.com\\\/caeolavarria\",\"https:\\\/\\\/x.com\\\/CAEOlavarria\",\"https:\\\/\\\/www.instagram.com\\\/estudiantesolavarria\\\/\"]},{\"@type\":\"Person\",\"@id\":\"https:\\\/\\\/caeolavarria.com.ar\\\/#\\\/schema\\\/person\\\/b4f77f23a19fd9ceb50f457eb045d225\",\"name\":\"Tom\u00e1s Cachero\",\"image\":{\"@type\":\"ImageObject\",\"inLanguage\":\"es-AR\",\"@id\":\"https:\\\/\\\/secure.gravatar.com\\\/avatar\\\/1c018d6d2f8a0ca9fd9a94335020132e2679e65ae849bfe0bf59d9af535750e9?s=96&d=mm&r=g\",\"url\":\"https:\\\/\\\/secure.gravatar.com\\\/avatar\\\/1c018d6d2f8a0ca9fd9a94335020132e2679e65ae849bfe0bf59d9af535750e9?s=96&d=mm&r=g\",\"contentUrl\":\"https:\\\/\\\/secure.gravatar.com\\\/avatar\\\/1c018d6d2f8a0ca9fd9a94335020132e2679e65ae849bfe0bf59d9af535750e9?s=96&d=mm&r=g\",\"caption\":\"Tom\u00e1s Cachero\"},\"url\":\"https:\\\/\\\/caeolavarria.com.ar\\\/index.php\\\/author\\\/tcachero\\\/\"}]}<\/script>\n<!-- \/ Yoast SEO plugin. -->","yoast_head_json":{"title":"#CAEHOCKEY Doce representantes de Estudiantes estar\u00e1n en los Seleccionados Sub 16 de la FTH - Club Atl\u00e9tico Estudiantes de Olavarr\u00eda | Sitio oficial","robots":{"index":"index","follow":"follow","max-snippet":"max-snippet:-1","max-image-preview":"max-image-preview:large","max-video-preview":"max-video-preview:-1"},"canonical":"https:\/\/caeolavarria.com.ar\/index.php\/2026\/09\/01\/caehockey-doce-representantes-de-estudiantes-estaran-en-los-seleccionados-sub-16-de-la-fth\/","og_locale":"es_ES","og_type":"article","og_title":"#CAEHOCKEY Doce representantes de Estudiantes estar\u00e1n en los Seleccionados Sub 16 de la FTH - Club Atl\u00e9tico Estudiantes de Olavarr\u00eda | Sitio oficial","og_description":"Seis batarazas y seis bataraces fueron convocados para representar a [...]","og_url":"https:\/\/caeolavarria.com.ar\/index.php\/2026\/09\/01\/caehockey-doce-representantes-de-estudiantes-estaran-en-los-seleccionados-sub-16-de-la-fth\/","og_site_name":"Club Atl\u00e9tico Estudiantes de Olavarr\u00eda | Sitio oficial","article_publisher":"https:\/\/www.facebook.com\/caeolavarria","article_published_time":"2026-09-02T01:12:51+00:00","article_modified_time":"2026-09-02T01:17:10+00:00","og_image":[{"width":2500,"height":1500,"url":"https:\/\/caeolavarria.com.ar\/wp-content\/uploads\/2026\/09\/Hockey.jpg","type":"image\/jpeg"}],"author":"Tom\u00e1s Cachero","twitter_card":"summary_large_image","twitter_creator":"@CAEOlavarria","twitter_site":"@CAEOlavarria","twitter_misc":{"Escrito por":"Tom\u00e1s Cachero","Tiempo de lectura":"4 minutos"},"schema":{"@context":"https:\/\/schema.org","@graph":[{"@type":"Article","@id":"https:\/\/caeolavarria.com.ar\/index.php\/2026\/09\/01\/caehockey-doce-representantes-de-estudiantes-estaran-en-los-seleccionados-sub-16-de-la-fth\/#article","isPartOf":{"@id":"https:\/\/caeolavarria.com.ar\/index.php\/2026\/09\/01\/caehockey-doce-representantes-de-estudiantes-estaran-en-los-seleccionados-sub-16-de-la-fth\/"},"author":{"name":"Tom\u00e1s Cachero","@id":"https:\/\/caeolavarria.com.ar\/#\/schema\/person\/b4f77f23a19fd9ceb50f457eb045d225"},"headline":"#CAEHOCKEY Doce representantes de Estudiantes estar\u00e1n en los Seleccionados Sub 16 de la FTH","datePublished":"2026-09-02T01:12:51+00:00","dateModified":"2026-09-02T01:17:10+00:00","mainEntityOfPage":{"@id":"https:\/\/caeolavarria.com.ar\/index.php\/2026\/09\/01\/caehockey-doce-representantes-de-estudiantes-estaran-en-los-seleccionados-sub-16-de-la-fth\/"},"wordCount":739,"commentCount":0,"publisher":{"@id":"https:\/\/caeolavarria.com.ar\/#organization"},"image":{"@id":"https:\/\/caeolavarria.com.ar\/index.php\/2026\/09\/01\/caehockey-doce-representantes-de-estudiantes-estaran-en-los-seleccionados-sub-16-de-la-fth\/#primaryimage"},"thumbnailUrl":"https:\/\/caeolavarria.com.ar\/wp-content\/uploads\/2026\/09\/Hockey.jpg","articleSection":["Hockey","Noticias"],"inLanguage":"es-AR","potentialAction":[{"@type":"CommentAction","name":"Comment","target":["https:\/\/caeolavarria.com.ar\/index.php\/2026\/09\/01\/caehockey-doce-representantes-de-estudiantes-estaran-en-los-seleccionados-sub-16-de-la-fth\/#respond"]}]},{"@type":"WebPage","@id":"https:\/\/caeolavarria.com.ar\/index.php\/2026\/09\/01\/caehockey-doce-representantes-de-estudiantes-estaran-en-los-seleccionados-sub-16-de-la-fth\/","url":"https:\/\/caeolavarria.com.ar\/index.php\/2026\/09\/01\/caehockey-doce-representantes-de-estudiantes-estaran-en-los-seleccionados-sub-16-de-la-fth\/","name":"#CAEHOCKEY Doce representantes de Estudiantes estar\u00e1n en los Seleccionados Sub 16 de la FTH - Club Atl\u00e9tico Estudiantes de Olavarr\u00eda | Sitio oficial","isPartOf":{"@id":"https:\/\/caeolavarria.com.ar\/#website"},"primaryImageOfPage":{"@id":"https:\/\/caeolavarria.com.ar\/index.php\/2026\/09\/01\/caehockey-doce-representantes-de-estudiantes-estaran-en-los-seleccionados-sub-16-de-la-fth\/#primaryimage"},"image":{"@id":"https:\/\/caeolavarria.com.ar\/index.php\/2026\/09\/01\/caehockey-doce-representantes-de-estudiantes-estaran-en-los-seleccionados-sub-16-de-la-fth\/#primaryimage"},"thumbnailUrl":"https:\/\/caeolavarria.com.ar\/wp-content\/uploads\/2026\/09\/Hockey.jpg","datePublished":"2026-09-02T01:12:51+00:00","dateModified":"2026-09-02T01:17:10+00:00","breadcrumb":{"@id":"https:\/\/caeolavarria.com.ar\/index.php\/2026\/09\/01\/caehockey-doce-representantes-de-estudiantes-estaran-en-los-seleccionados-sub-16-de-la-fth\/#breadcrumb"},"inLanguage":"es-AR","potentialAction":[{"@type":"ReadAction","target":["https:\/\/caeolavarria.com.ar\/index.php\/2026\/09\/01\/caehockey-doce-representantes-de-estudiantes-estaran-en-los-seleccionados-sub-16-de-la-fth\/"]}]},{"@type":"ImageObject","inLanguage":"es-AR","@id":"https:\/\/caeolavarria.com.ar\/index.php\/2026\/09\/01\/caehockey-doce-representantes-de-estudiantes-estaran-en-los-seleccionados-sub-16-de-la-fth\/#primaryimage","url":"https:\/\/caeolavarria.com.ar\/wp-content\/uploads\/2026\/09\/Hockey.jpg","contentUrl":"https:\/\/caeolavarria.com.ar\/wp-content\/uploads\/2026\/09\/Hockey.jpg","width":2500,"height":1500},{"@type":"BreadcrumbList","@id":"https:\/\/caeolavarria.com.ar\/index.php\/2026\/09\/01\/caehockey-doce-representantes-de-estudiantes-estaran-en-los-seleccionados-sub-16-de-la-fth\/#breadcrumb","itemListElement":[{"@type":"ListItem","position":1,"name":"Inicio","item":"https:\/\/caeolavarria.com.ar\/"},{"@type":"ListItem","position":2,"name":"#CAEHOCKEY Doce representantes de Estudiantes estar\u00e1n en los Seleccionados Sub 16 de la FTH"}]},{"@type":"WebSite","@id":"https:\/\/caeolavarria.com.ar\/#website","url":"https:\/\/caeolavarria.com.ar\/","name":"Club Atl\u00e9tico Estudiantes de Olavarr\u00eda | Sitio oficial","description":"","publisher":{"@id":"https:\/\/caeolavarria.com.ar\/#organization"},"potentialAction":[{"@type":"SearchAction","target":{"@type":"EntryPoint","urlTemplate":"https:\/\/caeolavarria.com.ar\/?s={search_term_string}"},"query-input":{"@type":"PropertyValueSpecification","valueRequired":true,"valueName":"search_term_string"}}],"inLanguage":"es-AR"},{"@type":"Organization","@id":"https:\/\/caeolavarria.com.ar\/#organization","name":"Club Atl\u00e9tico Estudiantes de Olavarr\u00eda","url":"https:\/\/caeolavarria.com.ar\/","logo":{"@type":"ImageObject","inLanguage":"es-AR","@id":"https:\/\/caeolavarria.com.ar\/#\/schema\/logo\/image\/","url":"https:\/\/caeolavarria.com.ar\/wp-content\/uploads\/2025\/03\/logo-banco_Mesa-de-trabajo-1.png","contentUrl":"https:\/\/caeolavarria.com.ar\/wp-content\/uploads\/2025\/03\/logo-banco_Mesa-de-trabajo-1.png","width":1355,"height":1355,"caption":"Club Atl\u00e9tico Estudiantes de Olavarr\u00eda"},"image":{"@id":"https:\/\/caeolavarria.com.ar\/#\/schema\/logo\/image\/"},"sameAs":["https:\/\/www.facebook.com\/caeolavarria","https:\/\/x.com\/CAEOlavarria","https:\/\/www.instagram.com\/estudiantesolavarria\/"]},{"@type":"Person","@id":"https:\/\/caeolavarria.com.ar\/#\/schema\/person\/b4f77f23a19fd9ceb50f457eb045d225","name":"Tom\u00e1s Cachero","image":{"@type":"ImageObject","inLanguage":"es-AR","@id":"https:\/\/secure.gravatar.com\/avatar\/1c018d6d2f8a0ca9fd9a94335020132e2679e65ae849bfe0bf59d9af535750e9?s=96&d=mm&r=g","url":"https:\/\/secure.gravatar.com\/avatar\/1c018d6d2f8a0ca9fd9a94335020132e2679e65ae849bfe0bf59d9af535750e9?s=96&d=mm&r=g","contentUrl":"https:\/\/secure.gravatar.com\/avatar\/1c018d6d2f8a0ca9fd9a94335020132e2679e65ae849bfe0bf59d9af535750e9?s=96&d=mm&r=g","caption":"Tom\u00e1s Cachero"},"url":"https:\/\/caeolavarria.com.ar\/index.php\/author\/tcachero\/"}]}},"_links":{"self":[{"href":"https:\/\/caeolavarria.com.ar\/index.php\/wp-json\/wp\/v2\/posts\/10306","targetHints":{"allow":["GET"]}}],"collection":[{"href":"https:\/\/caeolavarria.com.ar\/index.php\/wp-json\/wp\/v2\/posts"}],"about":[{"href":"https:\/\/caeolavarria.com.ar\/index.php\/wp-json\/wp\/v2\/types\/post"}],"author":[{"embeddable":true,"href":"https:\/\/caeolavarria.com.ar\/index.php\/wp-json\/wp\/v2\/users\/3"}],"replies":[{"embeddable":true,"href":"https:\/\/caeolavarria.com.ar\/index.php\/wp-json\/wp\/v2\/comments?post=10306"}],"version-history":[{"count":3,"href":"https:\/\/caeolavarria.com.ar\/index.php\/wp-json\/wp\/v2\/posts\/10306\/revisions"}],"predecessor-version":[{"id":10310,"href":"https:\/\/caeolavarria.com.ar\/index.php\/wp-json\/wp\/v2\/posts\/10306\/revisions\/10310"}],"wp:featuredmedia":[{"embeddable":true,"href":"https:\/\/caeolavarria.com.ar\/index.php\/wp-json\/wp\/v2\/media\/10307"}],"wp:attachment":[{"href":"https:\/\/caeolavarria.com.ar\/index.php\/wp-json\/wp\/v2\/media?parent=10306"}],"wp:term":[{"taxonomy":"category","embeddable":true,"href":"https:\/\/caeolavarria.com.ar\/index.php\/wp-json\/wp\/v2\/categories?post=10306"},{"taxonomy":"post_tag","embeddable":true,"href":"https:\/\/caeolavarria.com.ar\/index.php\/wp-json\/wp\/v2\/tags?post=10306"}],"curies":[{"name":"wp","href":"https:\/\/api.w.org\/{rel}","templated":true}]}}