{"id":10347,"date":"2026-09-03T21:05:03","date_gmt":"2026-09-04T00:05:03","guid":{"rendered":"https:\/\/caeolavarria.com.ar\/?p=10347"},"modified":"2026-09-03T21:05:03","modified_gmt":"2026-09-04T00:05:03","slug":"caehandball-sabrina-korenhof-paloma-avila-y-tobias-collova-llevan-al-bata-al-argentino-de-selecciones-menores","status":"publish","type":"post","link":"https:\/\/caeolavarria.com.ar\/index.php\/2026\/09\/03\/caehandball-sabrina-korenhof-paloma-avila-y-tobias-collova-llevan-al-bata-al-argentino-de-selecciones-menores\/","title":{"rendered":"#CAEHANDBALL Sabrina Korenhof, Paloma \u00c1vila y Tob\u00edas Collova llevan al Bata al Argentino de Selecciones Menores"},"content":{"rendered":"<p class=\"PDq2pG_selectionAnchorContainer\" data-start=\"115\" data-end=\"378\">El handball del Club Atl\u00e9tico Estudiantes tendr\u00e1 <strong data-start=\"164\" data-end=\"233\">tres representantes en el Torneo Argentino de Selecciones Menores<\/strong>, que se desarrollar\u00e1 del <strong data-start=\"259\" data-end=\"296\">7 al 12 de septiembre en San Juan<\/strong>, con la participaci\u00f3n de seleccionados de distintas asociaciones de todo el pa\u00eds.<\/p>\n<p data-start=\"380\" data-end=\"696\"><strong data-start=\"380\" data-end=\"415\">Sabrina Korenhof y Paloma \u00c1vila<\/strong>, en la rama femenina, y <strong data-start=\"440\" data-end=\"458\">Tob\u00edas Collova<\/strong>, en la masculina, fueron convocados para integrar los seleccionados de <strong data-start=\"530\" data-end=\"541\">AS.AM.BAL<\/strong> y afrontar\u00e1n una nueva experiencia de car\u00e1cter nacional, llevando los colores del Bata a una de las competencias m\u00e1s importantes del calendario formativo.<\/p>\n<p data-start=\"698\" data-end=\"1097\">El certamen, organizado por la <strong data-start=\"729\" data-end=\"768\">Confederaci\u00f3n Argentina de Handball<\/strong>, tendr\u00e1 una primera etapa clasificatoria por zonas y luego continuar\u00e1 con diferentes instancias seg\u00fan las posiciones obtenidas. Los primeros de cada zona avanzar\u00e1n al <strong data-start=\"936\" data-end=\"954\">Main Round Oro<\/strong>, los segundos al <strong data-start=\"972\" data-end=\"992\">Main Round Plata<\/strong>, mientras que las restantes posiciones determinar\u00e1n la participaci\u00f3n en los distintos cuadros de Bronce.<\/p>\n<p data-start=\"1099\" data-end=\"1253\">En la <strong data-start=\"1105\" data-end=\"1122\">rama femenina<\/strong>, Korenhof y \u00c1vila integrar\u00e1n el seleccionado de AS.AM.BAL, que competir\u00e1 en la <strong data-start=\"1200\" data-end=\"1210\">Zona H<\/strong> junto a A.Pe.Bal, Bah\u00eda Blanca y Santa Fe.<\/p>\n<p data-start=\"1255\" data-end=\"1546\">El debut ser\u00e1 el <strong data-start=\"1272\" data-end=\"1309\">lunes 7 de septiembre a las 11:40<\/strong>, cuando ASAMBAL se enfrente a <strong data-start=\"1340\" data-end=\"1352\">A.Pe.Bal<\/strong> en la Cancha N.\u00ba 1 del Estadio Aldo Cantoni. El segundo compromiso de la fase clasificatoria ser\u00e1 el <strong data-start=\"1454\" data-end=\"1478\">martes 8 a las 14:20<\/strong>, frente a <strong data-start=\"1489\" data-end=\"1501\">Santa Fe<\/strong>, en la Cancha N.\u00ba 3 de la Escuela Sarmiento.<\/p>\n<p data-start=\"1548\" data-end=\"1578\"><strong data-start=\"1548\" data-end=\"1578\">Fixture AS.AM.BAL \u2013 Femenino<\/strong><\/p>\n<p data-start=\"1580\" data-end=\"1675\"><strong data-start=\"1580\" data-end=\"1605\">Lunes 7 de septiembre<\/strong><br data-start=\"1605\" data-end=\"1608\" \/>11:40 | ASAMBAL vs. A.Pe.Bal.<br data-start=\"1637\" data-end=\"1640\" \/>Cancha N.\u00ba 1 \u2013 Estadio Aldo Cantoni<\/p>\n<p data-start=\"1677\" data-end=\"1769\"><strong data-start=\"1677\" data-end=\"1703\">Martes 8 de septiembre<\/strong><br data-start=\"1703\" data-end=\"1706\" \/>14:20 | ASAMBAL vs. Santa Fe<br data-start=\"1734\" data-end=\"1737\" \/>Cancha N.\u00ba 3 \u2013 Escuela Sarmiento<\/p>\n<p data-start=\"1771\" data-end=\"1939\">Por su parte, <strong data-start=\"1785\" data-end=\"1803\">Tob\u00edas Collova<\/strong> ser\u00e1 parte del seleccionado masculino de ASAMBAL, que disputar\u00e1 la primera fase en la <strong data-start=\"1890\" data-end=\"1900\">Zona E<\/strong> junto a Atl\u00e1ntica, Formosa y San Luis.<\/p>\n<p data-start=\"1941\" data-end=\"2198\">El estreno ser\u00e1 el <strong data-start=\"1960\" data-end=\"1997\">lunes 7 de septiembre a las 14:20<\/strong>, ante <strong data-start=\"2004\" data-end=\"2017\">Atl\u00e1ntica<\/strong>, en la Cancha N.\u00ba 1 del Estadio Aldo Cantoni. Luego, el martes 8, desde las <strong data-start=\"2094\" data-end=\"2103\">18:20<\/strong>, ASAMBAL enfrentar\u00e1 a <strong data-start=\"2126\" data-end=\"2137\">Formosa<\/strong> en la Cancha N.\u00ba 4 de la Escuela Normal Superior San Mart\u00edn.<\/p>\n<p data-start=\"2200\" data-end=\"2231\"><strong data-start=\"2200\" data-end=\"2231\">Fixture ASAMBAL \u2013 Masculino<\/strong><\/p>\n<p data-start=\"2233\" data-end=\"2328\"><strong data-start=\"2233\" data-end=\"2258\">Lunes 7 de septiembre<\/strong><br data-start=\"2258\" data-end=\"2261\" \/>14:20 | ASAMBAL vs. Atl\u00e1ntica<br data-start=\"2290\" data-end=\"2293\" \/>Cancha N.\u00ba 1 \u2013 Estadio Aldo Cantoni<\/p>\n<p data-start=\"2330\" data-end=\"2438\"><strong data-start=\"2330\" data-end=\"2356\">Martes 8 de septiembre<\/strong><br data-start=\"2356\" data-end=\"2359\" \/>18:20 | Formosa vs. ASAMBAL<br data-start=\"2386\" data-end=\"2389\" \/>Cancha N.\u00ba 4 \u2013 Escuela Normal Superior San Mart\u00edn<\/p>\n<p data-start=\"2440\" data-end=\"2730\">A partir del <strong data-start=\"2453\" data-end=\"2482\">mi\u00e9rcoles 9 de septiembre<\/strong> comenzar\u00e1 la segunda etapa de la competencia, con los cruces determinados por las posiciones alcanzadas en la fase de zonas. All\u00ed se pondr\u00e1 en juego la clasificaci\u00f3n a los diferentes cuadros y comenzar\u00e1 el camino hacia las definiciones del torneo.<\/p>\n<p data-start=\"2732\" data-end=\"2956\">La actividad continuar\u00e1 durante el jueves, viernes y s\u00e1bado, con los distintos cruces y partidos por las posiciones finales. El <strong data-start=\"2860\" data-end=\"2887\">s\u00e1bado 12 de septiembre<\/strong> se disputar\u00e1n las definiciones de las diferentes ramas del certamen.<\/p>\n<p data-start=\"2958\" data-end=\"3343\">De esta manera, <strong data-start=\"2974\" data-end=\"3025\">Sabrina Korenhof, Paloma \u00c1vila y Tob\u00edas Collova<\/strong> ser\u00e1n los representantes del Club Atl\u00e9tico Estudiantes en esta importante competencia nacional. Una nueva experiencia para los j\u00f3venes deportistas del Bata, que tendr\u00e1n la oportunidad de medirse junto a los mejores exponentes de las distintas asociaciones del pa\u00eds y continuar creciendo dentro del handball formativo.<\/p>\n<p data-start=\"3345\" data-end=\"3440\" data-is-last-node=\"\" data-is-only-node=\"\"><strong data-start=\"3345\" data-end=\"3440\" data-is-last-node=\"\">Todo el Bata estar\u00e1 alentando a Sabrina, Paloma y Tob\u00edas durante esta experiencia nacional.<\/strong><\/p>\n","protected":false},"excerpt":{"rendered":"<p>El handball del Club Atl\u00e9tico Estudiantes tendr\u00e1 tres representantes en  [&#8230;]<\/p>\n","protected":false},"author":3,"featured_media":10349,"comment_status":"open","ping_status":"open","sticky":false,"template":"","format":"standard","meta":{"_acf_changed":false,"_bbp_topic_count":0,"_bbp_reply_count":0,"_bbp_total_topic_count":0,"_bbp_total_reply_count":0,"_bbp_voice_count":0,"_bbp_anonymous_reply_count":0,"_bbp_topic_count_hidden":0,"_bbp_reply_count_hidden":0,"_bbp_forum_subforum_count":0,"content-type":"","footnotes":""},"categories":[70,62],"tags":[],"class_list":["post-10347","post","type-post","status-publish","format-standard","has-post-thumbnail","hentry","category-handball","category-noticias"],"acf":[],"yoast_head":"<!-- This site is optimized with the Yoast SEO plugin v27.7 - https:\/\/yoast.com\/product\/yoast-seo-wordpress\/ -->\n<title>#CAEHANDBALL Sabrina Korenhof, Paloma \u00c1vila y Tob\u00edas Collova llevan al Bata al Argentino de Selecciones Menores - Club Atl\u00e9tico Estudiantes de Olavarr\u00eda | Sitio oficial<\/title>\n<meta name=\"robots\" content=\"index, follow, max-snippet:-1, max-image-preview:large, max-video-preview:-1\" \/>\n<link rel=\"canonical\" href=\"https:\/\/caeolavarria.com.ar\/index.php\/2026\/09\/03\/caehandball-sabrina-korenhof-paloma-avila-y-tobias-collova-llevan-al-bata-al-argentino-de-selecciones-menores\/\" \/>\n<meta property=\"og:locale\" content=\"es_ES\" \/>\n<meta property=\"og:type\" content=\"article\" \/>\n<meta property=\"og:title\" content=\"#CAEHANDBALL Sabrina Korenhof, Paloma \u00c1vila y Tob\u00edas Collova llevan al Bata al Argentino de Selecciones Menores - Club Atl\u00e9tico Estudiantes de Olavarr\u00eda | Sitio oficial\" \/>\n<meta property=\"og:description\" content=\"El handball del Club Atl\u00e9tico Estudiantes tendr\u00e1 tres representantes en [...]\" \/>\n<meta property=\"og:url\" content=\"https:\/\/caeolavarria.com.ar\/index.php\/2026\/09\/03\/caehandball-sabrina-korenhof-paloma-avila-y-tobias-collova-llevan-al-bata-al-argentino-de-selecciones-menores\/\" \/>\n<meta property=\"og:site_name\" content=\"Club Atl\u00e9tico Estudiantes de Olavarr\u00eda | Sitio oficial\" \/>\n<meta property=\"article:publisher\" content=\"https:\/\/www.facebook.com\/caeolavarria\" \/>\n<meta property=\"article:published_time\" content=\"2026-09-04T00:05:03+00:00\" \/>\n<meta property=\"og:image\" content=\"https:\/\/caeolavarria.com.ar\/wp-content\/uploads\/2026\/09\/Handball.jpg\" \/>\n\t<meta property=\"og:image:width\" content=\"2500\" \/>\n\t<meta property=\"og:image:height\" content=\"1500\" \/>\n\t<meta property=\"og:image:type\" content=\"image\/jpeg\" \/>\n<meta name=\"author\" content=\"Tom\u00e1s Cachero\" \/>\n<meta name=\"twitter:card\" content=\"summary_large_image\" \/>\n<meta name=\"twitter:creator\" content=\"@CAEOlavarria\" \/>\n<meta name=\"twitter:site\" content=\"@CAEOlavarria\" \/>\n<meta name=\"twitter:label1\" content=\"Escrito por\" \/>\n\t<meta name=\"twitter:data1\" content=\"Tom\u00e1s Cachero\" \/>\n<script type=\"application\/ld+json\" class=\"yoast-schema-graph\">{\"@context\":\"https:\\\/\\\/schema.org\",\"@graph\":[{\"@type\":\"Article\",\"@id\":\"https:\\\/\\\/caeolavarria.com.ar\\\/index.php\\\/2026\\\/09\\\/03\\\/caehandball-sabrina-korenhof-paloma-avila-y-tobias-collova-llevan-al-bata-al-argentino-de-selecciones-menores\\\/#article\",\"isPartOf\":{\"@id\":\"https:\\\/\\\/caeolavarria.com.ar\\\/index.php\\\/2026\\\/09\\\/03\\\/caehandball-sabrina-korenhof-paloma-avila-y-tobias-collova-llevan-al-bata-al-argentino-de-selecciones-menores\\\/\"},\"author\":{\"name\":\"Tom\u00e1s Cachero\",\"@id\":\"https:\\\/\\\/caeolavarria.com.ar\\\/#\\\/schema\\\/person\\\/b4f77f23a19fd9ceb50f457eb045d225\"},\"headline\":\"#CAEHANDBALL Sabrina Korenhof, Paloma \u00c1vila y Tob\u00edas Collova llevan al Bata al Argentino de Selecciones Menores\",\"datePublished\":\"2026-09-04T00:05:03+00:00\",\"mainEntityOfPage\":{\"@id\":\"https:\\\/\\\/caeolavarria.com.ar\\\/index.php\\\/2026\\\/09\\\/03\\\/caehandball-sabrina-korenhof-paloma-avila-y-tobias-collova-llevan-al-bata-al-argentino-de-selecciones-menores\\\/\"},\"wordCount\":538,\"commentCount\":0,\"publisher\":{\"@id\":\"https:\\\/\\\/caeolavarria.com.ar\\\/#organization\"},\"image\":{\"@id\":\"https:\\\/\\\/caeolavarria.com.ar\\\/index.php\\\/2026\\\/09\\\/03\\\/caehandball-sabrina-korenhof-paloma-avila-y-tobias-collova-llevan-al-bata-al-argentino-de-selecciones-menores\\\/#primaryimage\"},\"thumbnailUrl\":\"https:\\\/\\\/caeolavarria.com.ar\\\/wp-content\\\/uploads\\\/2026\\\/09\\\/Handball.jpg\",\"articleSection\":[\"Handball\",\"Noticias\"],\"inLanguage\":\"es-AR\",\"potentialAction\":[{\"@type\":\"CommentAction\",\"name\":\"Comment\",\"target\":[\"https:\\\/\\\/caeolavarria.com.ar\\\/index.php\\\/2026\\\/09\\\/03\\\/caehandball-sabrina-korenhof-paloma-avila-y-tobias-collova-llevan-al-bata-al-argentino-de-selecciones-menores\\\/#respond\"]}]},{\"@type\":\"WebPage\",\"@id\":\"https:\\\/\\\/caeolavarria.com.ar\\\/index.php\\\/2026\\\/09\\\/03\\\/caehandball-sabrina-korenhof-paloma-avila-y-tobias-collova-llevan-al-bata-al-argentino-de-selecciones-menores\\\/\",\"url\":\"https:\\\/\\\/caeolavarria.com.ar\\\/index.php\\\/2026\\\/09\\\/03\\\/caehandball-sabrina-korenhof-paloma-avila-y-tobias-collova-llevan-al-bata-al-argentino-de-selecciones-menores\\\/\",\"name\":\"#CAEHANDBALL Sabrina Korenhof, Paloma \u00c1vila y Tob\u00edas Collova llevan al Bata al Argentino de Selecciones Menores - Club Atl\u00e9tico Estudiantes de Olavarr\u00eda | Sitio oficial\",\"isPartOf\":{\"@id\":\"https:\\\/\\\/caeolavarria.com.ar\\\/#website\"},\"primaryImageOfPage\":{\"@id\":\"https:\\\/\\\/caeolavarria.com.ar\\\/index.php\\\/2026\\\/09\\\/03\\\/caehandball-sabrina-korenhof-paloma-avila-y-tobias-collova-llevan-al-bata-al-argentino-de-selecciones-menores\\\/#primaryimage\"},\"image\":{\"@id\":\"https:\\\/\\\/caeolavarria.com.ar\\\/index.php\\\/2026\\\/09\\\/03\\\/caehandball-sabrina-korenhof-paloma-avila-y-tobias-collova-llevan-al-bata-al-argentino-de-selecciones-menores\\\/#primaryimage\"},\"thumbnailUrl\":\"https:\\\/\\\/caeolavarria.com.ar\\\/wp-content\\\/uploads\\\/2026\\\/09\\\/Handball.jpg\",\"datePublished\":\"2026-09-04T00:05:03+00:00\",\"breadcrumb\":{\"@id\":\"https:\\\/\\\/caeolavarria.com.ar\\\/index.php\\\/2026\\\/09\\\/03\\\/caehandball-sabrina-korenhof-paloma-avila-y-tobias-collova-llevan-al-bata-al-argentino-de-selecciones-menores\\\/#breadcrumb\"},\"inLanguage\":\"es-AR\",\"potentialAction\":[{\"@type\":\"ReadAction\",\"target\":[\"https:\\\/\\\/caeolavarria.com.ar\\\/index.php\\\/2026\\\/09\\\/03\\\/caehandball-sabrina-korenhof-paloma-avila-y-tobias-collova-llevan-al-bata-al-argentino-de-selecciones-menores\\\/\"]}]},{\"@type\":\"ImageObject\",\"inLanguage\":\"es-AR\",\"@id\":\"https:\\\/\\\/caeolavarria.com.ar\\\/index.php\\\/2026\\\/09\\\/03\\\/caehandball-sabrina-korenhof-paloma-avila-y-tobias-collova-llevan-al-bata-al-argentino-de-selecciones-menores\\\/#primaryimage\",\"url\":\"https:\\\/\\\/caeolavarria.com.ar\\\/wp-content\\\/uploads\\\/2026\\\/09\\\/Handball.jpg\",\"contentUrl\":\"https:\\\/\\\/caeolavarria.com.ar\\\/wp-content\\\/uploads\\\/2026\\\/09\\\/Handball.jpg\",\"width\":2500,\"height\":1500},{\"@type\":\"BreadcrumbList\",\"@id\":\"https:\\\/\\\/caeolavarria.com.ar\\\/index.php\\\/2026\\\/09\\\/03\\\/caehandball-sabrina-korenhof-paloma-avila-y-tobias-collova-llevan-al-bata-al-argentino-de-selecciones-menores\\\/#breadcrumb\",\"itemListElement\":[{\"@type\":\"ListItem\",\"position\":1,\"name\":\"Inicio\",\"item\":\"https:\\\/\\\/caeolavarria.com.ar\\\/\"},{\"@type\":\"ListItem\",\"position\":2,\"name\":\"#CAEHANDBALL Sabrina Korenhof, Paloma \u00c1vila y Tob\u00edas Collova llevan al Bata al Argentino de Selecciones Menores\"}]},{\"@type\":\"WebSite\",\"@id\":\"https:\\\/\\\/caeolavarria.com.ar\\\/#website\",\"url\":\"https:\\\/\\\/caeolavarria.com.ar\\\/\",\"name\":\"Club Atl\u00e9tico Estudiantes de Olavarr\u00eda | Sitio oficial\",\"description\":\"\",\"publisher\":{\"@id\":\"https:\\\/\\\/caeolavarria.com.ar\\\/#organization\"},\"potentialAction\":[{\"@type\":\"SearchAction\",\"target\":{\"@type\":\"EntryPoint\",\"urlTemplate\":\"https:\\\/\\\/caeolavarria.com.ar\\\/?s={search_term_string}\"},\"query-input\":{\"@type\":\"PropertyValueSpecification\",\"valueRequired\":true,\"valueName\":\"search_term_string\"}}],\"inLanguage\":\"es-AR\"},{\"@type\":\"Organization\",\"@id\":\"https:\\\/\\\/caeolavarria.com.ar\\\/#organization\",\"name\":\"Club Atl\u00e9tico Estudiantes de Olavarr\u00eda\",\"url\":\"https:\\\/\\\/caeolavarria.com.ar\\\/\",\"logo\":{\"@type\":\"ImageObject\",\"inLanguage\":\"es-AR\",\"@id\":\"https:\\\/\\\/caeolavarria.com.ar\\\/#\\\/schema\\\/logo\\\/image\\\/\",\"url\":\"https:\\\/\\\/caeolavarria.com.ar\\\/wp-content\\\/uploads\\\/2025\\\/03\\\/logo-banco_Mesa-de-trabajo-1.png\",\"contentUrl\":\"https:\\\/\\\/caeolavarria.com.ar\\\/wp-content\\\/uploads\\\/2025\\\/03\\\/logo-banco_Mesa-de-trabajo-1.png\",\"width\":1355,\"height\":1355,\"caption\":\"Club Atl\u00e9tico Estudiantes de Olavarr\u00eda\"},\"image\":{\"@id\":\"https:\\\/\\\/caeolavarria.com.ar\\\/#\\\/schema\\\/logo\\\/image\\\/\"},\"sameAs\":[\"https:\\\/\\\/www.facebook.com\\\/caeolavarria\",\"https:\\\/\\\/x.com\\\/CAEOlavarria\",\"https:\\\/\\\/www.instagram.com\\\/estudiantesolavarria\\\/\"]},{\"@type\":\"Person\",\"@id\":\"https:\\\/\\\/caeolavarria.com.ar\\\/#\\\/schema\\\/person\\\/b4f77f23a19fd9ceb50f457eb045d225\",\"name\":\"Tom\u00e1s Cachero\",\"image\":{\"@type\":\"ImageObject\",\"inLanguage\":\"es-AR\",\"@id\":\"https:\\\/\\\/secure.gravatar.com\\\/avatar\\\/1c018d6d2f8a0ca9fd9a94335020132e2679e65ae849bfe0bf59d9af535750e9?s=96&d=mm&r=g\",\"url\":\"https:\\\/\\\/secure.gravatar.com\\\/avatar\\\/1c018d6d2f8a0ca9fd9a94335020132e2679e65ae849bfe0bf59d9af535750e9?s=96&d=mm&r=g\",\"contentUrl\":\"https:\\\/\\\/secure.gravatar.com\\\/avatar\\\/1c018d6d2f8a0ca9fd9a94335020132e2679e65ae849bfe0bf59d9af535750e9?s=96&d=mm&r=g\",\"caption\":\"Tom\u00e1s Cachero\"},\"url\":\"https:\\\/\\\/caeolavarria.com.ar\\\/index.php\\\/author\\\/tcachero\\\/\"}]}<\/script>\n<!-- \/ Yoast SEO plugin. -->","yoast_head_json":{"title":"#CAEHANDBALL Sabrina Korenhof, Paloma \u00c1vila y Tob\u00edas Collova llevan al Bata al Argentino de Selecciones Menores - Club Atl\u00e9tico Estudiantes de Olavarr\u00eda | Sitio oficial","robots":{"index":"index","follow":"follow","max-snippet":"max-snippet:-1","max-image-preview":"max-image-preview:large","max-video-preview":"max-video-preview:-1"},"canonical":"https:\/\/caeolavarria.com.ar\/index.php\/2026\/09\/03\/caehandball-sabrina-korenhof-paloma-avila-y-tobias-collova-llevan-al-bata-al-argentino-de-selecciones-menores\/","og_locale":"es_ES","og_type":"article","og_title":"#CAEHANDBALL Sabrina Korenhof, Paloma \u00c1vila y Tob\u00edas Collova llevan al Bata al Argentino de Selecciones Menores - Club Atl\u00e9tico Estudiantes de Olavarr\u00eda | Sitio oficial","og_description":"El handball del Club Atl\u00e9tico Estudiantes tendr\u00e1 tres representantes en [...]","og_url":"https:\/\/caeolavarria.com.ar\/index.php\/2026\/09\/03\/caehandball-sabrina-korenhof-paloma-avila-y-tobias-collova-llevan-al-bata-al-argentino-de-selecciones-menores\/","og_site_name":"Club Atl\u00e9tico Estudiantes de Olavarr\u00eda | Sitio oficial","article_publisher":"https:\/\/www.facebook.com\/caeolavarria","article_published_time":"2026-09-04T00:05:03+00:00","og_image":[{"width":2500,"height":1500,"url":"https:\/\/caeolavarria.com.ar\/wp-content\/uploads\/2026\/09\/Handball.jpg","type":"image\/jpeg"}],"author":"Tom\u00e1s Cachero","twitter_card":"summary_large_image","twitter_creator":"@CAEOlavarria","twitter_site":"@CAEOlavarria","twitter_misc":{"Escrito por":"Tom\u00e1s Cachero"},"schema":{"@context":"https:\/\/schema.org","@graph":[{"@type":"Article","@id":"https:\/\/caeolavarria.com.ar\/index.php\/2026\/09\/03\/caehandball-sabrina-korenhof-paloma-avila-y-tobias-collova-llevan-al-bata-al-argentino-de-selecciones-menores\/#article","isPartOf":{"@id":"https:\/\/caeolavarria.com.ar\/index.php\/2026\/09\/03\/caehandball-sabrina-korenhof-paloma-avila-y-tobias-collova-llevan-al-bata-al-argentino-de-selecciones-menores\/"},"author":{"name":"Tom\u00e1s Cachero","@id":"https:\/\/caeolavarria.com.ar\/#\/schema\/person\/b4f77f23a19fd9ceb50f457eb045d225"},"headline":"#CAEHANDBALL Sabrina Korenhof, Paloma \u00c1vila y Tob\u00edas Collova llevan al Bata al Argentino de Selecciones Menores","datePublished":"2026-09-04T00:05:03+00:00","mainEntityOfPage":{"@id":"https:\/\/caeolavarria.com.ar\/index.php\/2026\/09\/03\/caehandball-sabrina-korenhof-paloma-avila-y-tobias-collova-llevan-al-bata-al-argentino-de-selecciones-menores\/"},"wordCount":538,"commentCount":0,"publisher":{"@id":"https:\/\/caeolavarria.com.ar\/#organization"},"image":{"@id":"https:\/\/caeolavarria.com.ar\/index.php\/2026\/09\/03\/caehandball-sabrina-korenhof-paloma-avila-y-tobias-collova-llevan-al-bata-al-argentino-de-selecciones-menores\/#primaryimage"},"thumbnailUrl":"https:\/\/caeolavarria.com.ar\/wp-content\/uploads\/2026\/09\/Handball.jpg","articleSection":["Handball","Noticias"],"inLanguage":"es-AR","potentialAction":[{"@type":"CommentAction","name":"Comment","target":["https:\/\/caeolavarria.com.ar\/index.php\/2026\/09\/03\/caehandball-sabrina-korenhof-paloma-avila-y-tobias-collova-llevan-al-bata-al-argentino-de-selecciones-menores\/#respond"]}]},{"@type":"WebPage","@id":"https:\/\/caeolavarria.com.ar\/index.php\/2026\/09\/03\/caehandball-sabrina-korenhof-paloma-avila-y-tobias-collova-llevan-al-bata-al-argentino-de-selecciones-menores\/","url":"https:\/\/caeolavarria.com.ar\/index.php\/2026\/09\/03\/caehandball-sabrina-korenhof-paloma-avila-y-tobias-collova-llevan-al-bata-al-argentino-de-selecciones-menores\/","name":"#CAEHANDBALL Sabrina Korenhof, Paloma \u00c1vila y Tob\u00edas Collova llevan al Bata al Argentino de Selecciones Menores - Club Atl\u00e9tico Estudiantes de Olavarr\u00eda | Sitio oficial","isPartOf":{"@id":"https:\/\/caeolavarria.com.ar\/#website"},"primaryImageOfPage":{"@id":"https:\/\/caeolavarria.com.ar\/index.php\/2026\/09\/03\/caehandball-sabrina-korenhof-paloma-avila-y-tobias-collova-llevan-al-bata-al-argentino-de-selecciones-menores\/#primaryimage"},"image":{"@id":"https:\/\/caeolavarria.com.ar\/index.php\/2026\/09\/03\/caehandball-sabrina-korenhof-paloma-avila-y-tobias-collova-llevan-al-bata-al-argentino-de-selecciones-menores\/#primaryimage"},"thumbnailUrl":"https:\/\/caeolavarria.com.ar\/wp-content\/uploads\/2026\/09\/Handball.jpg","datePublished":"2026-09-04T00:05:03+00:00","breadcrumb":{"@id":"https:\/\/caeolavarria.com.ar\/index.php\/2026\/09\/03\/caehandball-sabrina-korenhof-paloma-avila-y-tobias-collova-llevan-al-bata-al-argentino-de-selecciones-menores\/#breadcrumb"},"inLanguage":"es-AR","potentialAction":[{"@type":"ReadAction","target":["https:\/\/caeolavarria.com.ar\/index.php\/2026\/09\/03\/caehandball-sabrina-korenhof-paloma-avila-y-tobias-collova-llevan-al-bata-al-argentino-de-selecciones-menores\/"]}]},{"@type":"ImageObject","inLanguage":"es-AR","@id":"https:\/\/caeolavarria.com.ar\/index.php\/2026\/09\/03\/caehandball-sabrina-korenhof-paloma-avila-y-tobias-collova-llevan-al-bata-al-argentino-de-selecciones-menores\/#primaryimage","url":"https:\/\/caeolavarria.com.ar\/wp-content\/uploads\/2026\/09\/Handball.jpg","contentUrl":"https:\/\/caeolavarria.com.ar\/wp-content\/uploads\/2026\/09\/Handball.jpg","width":2500,"height":1500},{"@type":"BreadcrumbList","@id":"https:\/\/caeolavarria.com.ar\/index.php\/2026\/09\/03\/caehandball-sabrina-korenhof-paloma-avila-y-tobias-collova-llevan-al-bata-al-argentino-de-selecciones-menores\/#breadcrumb","itemListElement":[{"@type":"ListItem","position":1,"name":"Inicio","item":"https:\/\/caeolavarria.com.ar\/"},{"@type":"ListItem","position":2,"name":"#CAEHANDBALL Sabrina Korenhof, Paloma \u00c1vila y Tob\u00edas Collova llevan al Bata al Argentino de Selecciones Menores"}]},{"@type":"WebSite","@id":"https:\/\/caeolavarria.com.ar\/#website","url":"https:\/\/caeolavarria.com.ar\/","name":"Club Atl\u00e9tico Estudiantes de Olavarr\u00eda | Sitio oficial","description":"","publisher":{"@id":"https:\/\/caeolavarria.com.ar\/#organization"},"potentialAction":[{"@type":"SearchAction","target":{"@type":"EntryPoint","urlTemplate":"https:\/\/caeolavarria.com.ar\/?s={search_term_string}"},"query-input":{"@type":"PropertyValueSpecification","valueRequired":true,"valueName":"search_term_string"}}],"inLanguage":"es-AR"},{"@type":"Organization","@id":"https:\/\/caeolavarria.com.ar\/#organization","name":"Club Atl\u00e9tico Estudiantes de Olavarr\u00eda","url":"https:\/\/caeolavarria.com.ar\/","logo":{"@type":"ImageObject","inLanguage":"es-AR","@id":"https:\/\/caeolavarria.com.ar\/#\/schema\/logo\/image\/","url":"https:\/\/caeolavarria.com.ar\/wp-content\/uploads\/2025\/03\/logo-banco_Mesa-de-trabajo-1.png","contentUrl":"https:\/\/caeolavarria.com.ar\/wp-content\/uploads\/2025\/03\/logo-banco_Mesa-de-trabajo-1.png","width":1355,"height":1355,"caption":"Club Atl\u00e9tico Estudiantes de Olavarr\u00eda"},"image":{"@id":"https:\/\/caeolavarria.com.ar\/#\/schema\/logo\/image\/"},"sameAs":["https:\/\/www.facebook.com\/caeolavarria","https:\/\/x.com\/CAEOlavarria","https:\/\/www.instagram.com\/estudiantesolavarria\/"]},{"@type":"Person","@id":"https:\/\/caeolavarria.com.ar\/#\/schema\/person\/b4f77f23a19fd9ceb50f457eb045d225","name":"Tom\u00e1s Cachero","image":{"@type":"ImageObject","inLanguage":"es-AR","@id":"https:\/\/secure.gravatar.com\/avatar\/1c018d6d2f8a0ca9fd9a94335020132e2679e65ae849bfe0bf59d9af535750e9?s=96&d=mm&r=g","url":"https:\/\/secure.gravatar.com\/avatar\/1c018d6d2f8a0ca9fd9a94335020132e2679e65ae849bfe0bf59d9af535750e9?s=96&d=mm&r=g","contentUrl":"https:\/\/secure.gravatar.com\/avatar\/1c018d6d2f8a0ca9fd9a94335020132e2679e65ae849bfe0bf59d9af535750e9?s=96&d=mm&r=g","caption":"Tom\u00e1s Cachero"},"url":"https:\/\/caeolavarria.com.ar\/index.php\/author\/tcachero\/"}]}},"_links":{"self":[{"href":"https:\/\/caeolavarria.com.ar\/index.php\/wp-json\/wp\/v2\/posts\/10347","targetHints":{"allow":["GET"]}}],"collection":[{"href":"https:\/\/caeolavarria.com.ar\/index.php\/wp-json\/wp\/v2\/posts"}],"about":[{"href":"https:\/\/caeolavarria.com.ar\/index.php\/wp-json\/wp\/v2\/types\/post"}],"author":[{"embeddable":true,"href":"https:\/\/caeolavarria.com.ar\/index.php\/wp-json\/wp\/v2\/users\/3"}],"replies":[{"embeddable":true,"href":"https:\/\/caeolavarria.com.ar\/index.php\/wp-json\/wp\/v2\/comments?post=10347"}],"version-history":[{"count":1,"href":"https:\/\/caeolavarria.com.ar\/index.php\/wp-json\/wp\/v2\/posts\/10347\/revisions"}],"predecessor-version":[{"id":10350,"href":"https:\/\/caeolavarria.com.ar\/index.php\/wp-json\/wp\/v2\/posts\/10347\/revisions\/10350"}],"wp:featuredmedia":[{"embeddable":true,"href":"https:\/\/caeolavarria.com.ar\/index.php\/wp-json\/wp\/v2\/media\/10349"}],"wp:attachment":[{"href":"https:\/\/caeolavarria.com.ar\/index.php\/wp-json\/wp\/v2\/media?parent=10347"}],"wp:term":[{"taxonomy":"category","embeddable":true,"href":"https:\/\/caeolavarria.com.ar\/index.php\/wp-json\/wp\/v2\/categories?post=10347"},{"taxonomy":"post_tag","embeddable":true,"href":"https:\/\/caeolavarria.com.ar\/index.php\/wp-json\/wp\/v2\/tags?post=10347"}],"curies":[{"name":"wp","href":"https:\/\/api.w.org\/{rel}","templated":true}]}}