{"id":10358,"date":"2026-09-04T09:40:38","date_gmt":"2026-09-04T12:40:38","guid":{"rendered":"https:\/\/caeolavarria.com.ar\/?p=10358"},"modified":"2026-09-04T10:37:15","modified_gmt":"2026-09-04T13:37:15","slug":"caeinstitucional-estudiantes-lanza-el-proyecto-puente-educativo-su-primera-iniciativa-en-educacion","status":"publish","type":"post","link":"https:\/\/caeolavarria.com.ar\/index.php\/2026\/09\/04\/caeinstitucional-estudiantes-lanza-el-proyecto-puente-educativo-su-primera-iniciativa-en-educacion\/","title":{"rendered":"#CAEINSTITUCIONAL Estudiantes lanza el Proyecto Puente Educativo, su primera iniciativa en educaci\u00f3n  \u00a0"},"content":{"rendered":"<p>El Club Atl\u00e9tico Estudiantes pone en marcha el Proyecto Puente Educativo, un espacio de apoyo para estudiantes que est\u00e1n terminando la escuela secundaria o ya egresaron y se preparan para dar el salto a los estudios superiores. Se trata de la primera propuesta educativa que la instituci\u00f3n olavarriense incorpora a su oferta de actividades.<!--more--><\/p>\n<p><span style=\"font-weight: 400;\">El proyecto, ideado y coordinado por la profesora Rosana Filippi, busca acompa\u00f1ar a los futuros ingresantes en el tr\u00e1nsito entre el secundario y la universidad, reforzando contenidos de Matem\u00e1tica, F\u00edsica, Qu\u00edmica, Ciencias M\u00e9dicas, Gesti\u00f3n y Administraci\u00f3n, y T\u00e9cnicas de Estudio, adem\u00e1s de brindar herramientas de comprensi\u00f3n lectora y metodolog\u00edas de estudio propias de cada disciplina.<\/span><\/p>\n<p><b>Un nuevo desaf\u00edo para el club<\/b><\/p>\n<p><span style=\"font-weight: 400;\">El presidente del Club Estudiantes, Juan Falabella, cont\u00f3 que la instituci\u00f3n ven\u00eda buscando incorporar la educaci\u00f3n entre sus actividades desde hace tiempo. &#8220;Siempre nos interes\u00f3 la educaci\u00f3n, que era la parte que nos estaba faltando como club&#8221;, se\u00f1al\u00f3, y explic\u00f3 que evaluaron distintas alternativas hasta que el proyecto que les presentaron Rosana Filippi y Daniela Cabrera los convenci\u00f3 por su viabilidad dentro de las instalaciones del club.<\/span><\/p>\n<p><span style=\"font-weight: 400;\">Falabella remarc\u00f3 que la propuesta est\u00e1 pensada en primer lugar para los socios, aunque tambi\u00e9n estar\u00e1 abierta a quienes no lo sean. &#8220;Le damos la posibilidad a los no socios de realizarlo, y tratamos de que sea para *el p\u00fablico en general que est\u00e9 interesado&#8221;, afirm\u00f3, y agreg\u00f3 que el club tiene una importante cantidad de chicos en el padr\u00f3n que est\u00e1n por egresar del secundario e ingresar a la universidad. Seg\u00fan explic\u00f3, la experiencia de entrar a la facultad suele generar temor e inseguridad en los estudiantes, y el proyecto apunta justamente a achicar esa distancia. &#8220;Creemos que es un proyecto que va a tener sus frutos. A los chicos les va a gustar y les va a facilitar mucho el ingreso&#8221;, sostuvo.<\/span><\/p>\n<p><b>Una preocupaci\u00f3n docente convertida en proyecto<\/b><\/p>\n<p><span style=\"font-weight: 400;\">La coordinadora y fundadora de la iniciativa, Rosana Filippi, explic\u00f3 que el Proyecto Puente naci\u00f3 de una inquietud personal como docente de nivel secundario frente a las dificultades que atraviesan los estudiantes en el paso al nivel superior. &#8220;Nos propusimos ser ese puente entre nuestro nivel secundario, desde el acompa\u00f1amiento de este cambio, estas nuevas metodolog\u00edas de estudio, este reforzar contenidos, para nuestros futuros ingresantes&#8221;, indic\u00f3.<\/span><\/p>\n<p><span style=\"font-weight: 400;\">Filippi cont\u00f3 que la propuesta surgi\u00f3 en el marco de un grupo de docentes y ex directivos llamado Voces Por La Educaci\u00f3n y resalt\u00f3 el trabajo articulado con las universidades \u2014donde participan secretarios acad\u00e9micos y docentes de las distintas casas de estudio\u2014 que ayuda a disipar el temor de los ingresantes frente a lo desconocido. &#8220;Una de las \u00faltimas semanas del ingreso vienen los profesores de la facultad [\u2026] les comentan todo el tema de materias, las correlativas, c\u00f3mo es el ingreso&#8221;, explic\u00f3, y record\u00f3 una devoluci\u00f3n que la marc\u00f3: &#8220;La primera vez que empezamos a trabajar con la gente de la facultad, unas chicas nos dijeron: &#8216;Rosana, realmente le perdimos el miedo a esto'&#8221;.<\/span><\/p>\n<p><span style=\"font-weight: 400;\">Sobre el contenido de los talleres, Filippi detall\u00f3 que el proyecto comenz\u00f3 \u00fanicamente con Matem\u00e1tica, por ser una materia com\u00fan a la mayor\u00eda de las carreras, y fue incorporando nuevas \u00e1reas a partir de las necesidades detectadas en los estudiantes: F\u00edsica, T\u00e9cnicas de Estudio \u2014pensada especialmente para quienes siguen carreras como Abogac\u00eda, Profesorado o Psicolog\u00eda\u2014, Qu\u00edmica \u2014orientada al ingreso a Ciencias M\u00e9dicas\u2014 y, este a\u00f1o, Gesti\u00f3n y Administraci\u00f3n, para los alumnos interesados en Econom\u00eda y afines.<\/span><\/p>\n<p><span style=\"font-weight: 400;\">Adem\u00e1s, adelant\u00f3 que entre las pr\u00f3ximas actividades del proyecto se prev\u00e9n visitas a las universidades de la regi\u00f3n \u2014Olavarr\u00eda, Tandil y Azul\u2014 para que los estudiantes conozcan las instalaciones y participen como oyentes de alguna clase, una experiencia que, seg\u00fan explic\u00f3 la docente Daniela Cabrera, contribuye a reducir la tensi\u00f3n del primer contacto con la vida universitaria.<\/span><\/p>\n<p><b>La mirada de los docentes<\/b><\/p>\n<p><span style=\"font-weight: 400;\">Daniela Cabrera, docente del proyecto, puso el foco en las estad\u00edsticas de deserci\u00f3n y bajo rendimiento en el primer a\u00f1o universitario. &#8220;Los n\u00fameros a nivel nacional de fracaso en primer a\u00f1o de universidades es enorme&#8221;, advirti\u00f3, y explic\u00f3 que la articulaci\u00f3n que propone el Proyecto Puente busca justamente evitar ese fracaso y el miedo asociado al cambio de nivel.<\/span><\/p>\n<p><span style=\"font-weight: 400;\">Por su parte, el profesor de F\u00edsica, Franco Solari, explic\u00f3 que el taller no repite los contenidos de la escuela secundaria, sino que apunta directamente a lo que los estudiantes necesitar\u00e1n en la universidad. &#8220;La idea es acercarlos a la f\u00edsica que se requiere para vivir en la universidad, formalizar conceptos, empezar a hacer uso de las herramientas matem\u00e1ticas, ver conceptos fundamentales&#8221;, se\u00f1al\u00f3. Solari detall\u00f3 que el enfoque est\u00e1 puesto en la resoluci\u00f3n de problemas: identificar la informaci\u00f3n relevante de un enunciado y construir un modelo f\u00edsico-matem\u00e1tico para resolverlo, una competencia que \u2014remarc\u00f3\u2014 es la que se espera de un estudiante universitario.<\/span><\/p>\n<p><img decoding=\"async\" class=\"lazyload wp-image-10362 aligncenter\" src=\"https:\/\/caeolavarria.com.ar\/wp-content\/uploads\/2026\/09\/talleres-de-apoyo-Post-de-Instagram-45-240x300.png\" data-orig-src=\"https:\/\/caeolavarria.com.ar\/wp-content\/uploads\/2026\/09\/talleres-de-apoyo-Post-de-Instagram-45-240x300.png\" alt=\"\" width=\"419\" height=\"523\" srcset=\"data:image\/svg+xml,%3Csvg%20xmlns%3D%27http%3A%2F%2Fwww.w3.org%2F2000%2Fsvg%27%20width%3D%27419%27%20height%3D%27523%27%20viewBox%3D%270%200%20419%20523%27%3E%3Crect%20width%3D%27419%27%20height%3D%27523%27%20fill-opacity%3D%220%22%2F%3E%3C%2Fsvg%3E\" data-srcset=\"https:\/\/caeolavarria.com.ar\/wp-content\/uploads\/2026\/09\/talleres-de-apoyo-Post-de-Instagram-45-200x250.png 200w, https:\/\/caeolavarria.com.ar\/wp-content\/uploads\/2026\/09\/talleres-de-apoyo-Post-de-Instagram-45-240x300.png 240w, https:\/\/caeolavarria.com.ar\/wp-content\/uploads\/2026\/09\/talleres-de-apoyo-Post-de-Instagram-45-400x500.png 400w, https:\/\/caeolavarria.com.ar\/wp-content\/uploads\/2026\/09\/talleres-de-apoyo-Post-de-Instagram-45-500x625.png 500w, https:\/\/caeolavarria.com.ar\/wp-content\/uploads\/2026\/09\/talleres-de-apoyo-Post-de-Instagram-45-600x750.png 600w, https:\/\/caeolavarria.com.ar\/wp-content\/uploads\/2026\/09\/talleres-de-apoyo-Post-de-Instagram-45-700x875.png 700w, https:\/\/caeolavarria.com.ar\/wp-content\/uploads\/2026\/09\/talleres-de-apoyo-Post-de-Instagram-45-768x960.png 768w, https:\/\/caeolavarria.com.ar\/wp-content\/uploads\/2026\/09\/talleres-de-apoyo-Post-de-Instagram-45-800x1000.png 800w, https:\/\/caeolavarria.com.ar\/wp-content\/uploads\/2026\/09\/talleres-de-apoyo-Post-de-Instagram-45-819x1024.png 819w, https:\/\/caeolavarria.com.ar\/wp-content\/uploads\/2026\/09\/talleres-de-apoyo-Post-de-Instagram-45.png 1080w\" data-sizes=\"auto\" data-orig-sizes=\"(max-width: 419px) 100vw, 419px\" \/><\/p>\n<p><b>Talleres, docentes y horarios<\/b><\/p>\n<p><span style=\"font-weight: 400;\">El Proyecto Puente Educativo contar\u00e1 con seis \u00e1reas de trabajo a cargo de un equipo de docentes especializados:<\/span><\/p>\n<ul>\n<li><span style=\"font-weight: 400;\"> \u00a0 \u00a0 \u00a0 <\/span> <span style=\"font-weight: 400;\">Matem\u00e1tica \u2014 Prof. Teresita Andrich y Prof. Fernanda Faedda. Martes de 16 a 18 hs. o mi\u00e9rcoles de 18:30 a 20:30 hs.<\/span><\/li>\n<li><span style=\"font-weight: 400;\"> \u00a0 \u00a0 \u00a0 <\/span> <span style=\"font-weight: 400;\">F\u00edsica \u2014 Prof. Franco Solari. Martes o jueves de 18:30 a 20:30 hs.<\/span><\/li>\n<li><span style=\"font-weight: 400;\"> \u00a0 \u00a0 \u00a0 <\/span> <span style=\"font-weight: 400;\">Ciencias M\u00e9dicas \u2014 Prof. Luc\u00eda Gentile. Jueves de 18:30 a 20:30 hs. o viernes de 16 a 18 hs.<\/span><\/li>\n<li><span style=\"font-weight: 400;\"> \u00a0 \u00a0 \u00a0 <\/span> <span style=\"font-weight: 400;\">Qu\u00edmica \u2014 Prof. Alejandra Manzur. Lunes de 18:30 a 20:30 hs.<\/span><\/li>\n<li><span style=\"font-weight: 400;\"> \u00a0 \u00a0 \u00a0 <\/span> <span style=\"font-weight: 400;\">T\u00e9cnicas de Estudio \u2014 Prof. Mar\u00eda Edith Andrich. Mi\u00e9rcoles de 16 a 18 hs. o de 18:30 a 20:30 hs.<\/span><\/li>\n<li><span style=\"font-weight: 400;\"> \u00a0 \u00a0 \u00a0 <\/span> <span style=\"font-weight: 400;\">Gesti\u00f3n y Administraci\u00f3n \u2014 Prof. Yanina Hatte y Prof. Daniela Cabrera. Martes de 15 a 17 hs. o de 18:30 a 20:30 hs.<\/span><\/li>\n<\/ul>\n<p><span style=\"font-weight: 400;\">Las clases ser\u00e1n presenciales, con una carga de dos horas semanales por materia, y se dictar\u00e1n en las instalaciones del Club Estudiantes.<\/span><\/p>\n<p><b>Inscripci\u00f3n y costos<\/b><\/p>\n<p><span style=\"font-weight: 400;\">La preinscripci\u00f3n ya est\u00e1 abierta en https:\/\/caeolavarria.com.ar\/index.php\/proyecto-puente\/ y las inscripciones formales comenzar\u00e1n el lunes 7 de septiembre por el mismo medio. Los socios del club podr\u00e1n inscribirse a trav\u00e9s del portal de autogesti\u00f3n, mientras que quienes no sean socios contar\u00e1n con un formulario espec\u00edfico habilitado en la web.<\/span><\/p>\n<p><span style=\"font-weight: 400;\">Los aranceles para los dos meses de cursada son:<\/span><\/p>\n<ul>\n<li><span style=\"font-weight: 400;\"> \u00a0 \u00a0 \u00a0 <\/span> <span style=\"font-weight: 400;\">$45.000 por una materia<\/span><\/li>\n<li><span style=\"font-weight: 400;\"> \u00a0 \u00a0 \u00a0 <\/span> <span style=\"font-weight: 400;\">$60.000 por dos materias<\/span><\/li>\n<li><span style=\"font-weight: 400;\"> \u00a0 \u00a0 \u00a0 <\/span> <span style=\"font-weight: 400;\">$20.000 por cada materia adicional<\/span><\/li>\n<li><span style=\"font-weight: 400;\"> \u00a0 \u00a0 \u00a0 <\/span> <span style=\"font-weight: 400;\">20% de descuento para socios del club<\/span><\/li>\n<\/ul>\n<p><span style=\"font-weight: 400;\">Para la difusi\u00f3n de la propuesta, el club y el equipo del proyecto realizar\u00e1n una recorrida por las escuelas secundarias de la ciudad, donde se invitar\u00e1 a los estudiantes de \u00faltimo a\u00f1o a sumarse mediante un flyer con c\u00f3digo QR de inscripci\u00f3n.<\/span><\/p>\n","protected":false},"excerpt":{"rendered":"<p>El Club Atl\u00e9tico Estudiantes pone en marcha el Proyecto Puente  [&#8230;]<\/p>\n","protected":false},"author":2,"featured_media":10359,"comment_status":"open","ping_status":"open","sticky":false,"template":"","format":"standard","meta":{"_acf_changed":false,"_bbp_topic_count":0,"_bbp_reply_count":0,"_bbp_total_topic_count":0,"_bbp_total_reply_count":0,"_bbp_voice_count":0,"_bbp_anonymous_reply_count":0,"_bbp_topic_count_hidden":0,"_bbp_reply_count_hidden":0,"_bbp_forum_subforum_count":0,"content-type":"","footnotes":""},"categories":[84,62],"tags":[],"class_list":["post-10358","post","type-post","status-publish","format-standard","has-post-thumbnail","hentry","category-institucional","category-noticias"],"acf":[],"yoast_head":"<!-- This site is optimized with the Yoast SEO plugin v27.7 - https:\/\/yoast.com\/product\/yoast-seo-wordpress\/ -->\n<title>#CAEINSTITUCIONAL Estudiantes lanza el Proyecto Puente Educativo, su primera iniciativa en educaci\u00f3n \u00a0 - Club Atl\u00e9tico Estudiantes de Olavarr\u00eda | Sitio oficial<\/title>\n<meta name=\"robots\" content=\"index, follow, max-snippet:-1, max-image-preview:large, max-video-preview:-1\" \/>\n<link rel=\"canonical\" href=\"https:\/\/caeolavarria.com.ar\/index.php\/2026\/09\/04\/caeinstitucional-estudiantes-lanza-el-proyecto-puente-educativo-su-primera-iniciativa-en-educacion\/\" \/>\n<meta property=\"og:locale\" content=\"es_ES\" \/>\n<meta property=\"og:type\" content=\"article\" \/>\n<meta property=\"og:title\" content=\"#CAEINSTITUCIONAL Estudiantes lanza el Proyecto Puente Educativo, su primera iniciativa en educaci\u00f3n \u00a0 - Club Atl\u00e9tico Estudiantes de Olavarr\u00eda | Sitio oficial\" \/>\n<meta property=\"og:description\" content=\"El Club Atl\u00e9tico Estudiantes pone en marcha el Proyecto Puente [...]\" \/>\n<meta property=\"og:url\" content=\"https:\/\/caeolavarria.com.ar\/index.php\/2026\/09\/04\/caeinstitucional-estudiantes-lanza-el-proyecto-puente-educativo-su-primera-iniciativa-en-educacion\/\" \/>\n<meta property=\"og:site_name\" content=\"Club Atl\u00e9tico Estudiantes de Olavarr\u00eda | Sitio oficial\" \/>\n<meta property=\"article:publisher\" content=\"https:\/\/www.facebook.com\/caeolavarria\" \/>\n<meta property=\"article:published_time\" content=\"2026-09-04T12:40:38+00:00\" \/>\n<meta property=\"article:modified_time\" content=\"2026-09-04T13:37:15+00:00\" \/>\n<meta property=\"og:image\" content=\"https:\/\/caeolavarria.com.ar\/wp-content\/uploads\/2026\/09\/Fotos-web-educacion.png\" \/>\n\t<meta property=\"og:image:width\" content=\"2500\" \/>\n\t<meta property=\"og:image:height\" content=\"1500\" \/>\n\t<meta property=\"og:image:type\" content=\"image\/png\" \/>\n<meta name=\"author\" content=\"Magdalena Jaureguiberry\" \/>\n<meta name=\"twitter:card\" content=\"summary_large_image\" \/>\n<meta name=\"twitter:creator\" content=\"@CAEOlavarria\" \/>\n<meta name=\"twitter:site\" content=\"@CAEOlavarria\" \/>\n<meta name=\"twitter:label1\" content=\"Escrito por\" \/>\n\t<meta name=\"twitter:data1\" content=\"Magdalena Jaureguiberry\" \/>\n\t<meta name=\"twitter:label2\" content=\"Tiempo de lectura\" \/>\n\t<meta name=\"twitter:data2\" content=\"6 minutos\" \/>\n<script type=\"application\/ld+json\" class=\"yoast-schema-graph\">{\"@context\":\"https:\\\/\\\/schema.org\",\"@graph\":[{\"@type\":\"Article\",\"@id\":\"https:\\\/\\\/caeolavarria.com.ar\\\/index.php\\\/2026\\\/09\\\/04\\\/caeinstitucional-estudiantes-lanza-el-proyecto-puente-educativo-su-primera-iniciativa-en-educacion\\\/#article\",\"isPartOf\":{\"@id\":\"https:\\\/\\\/caeolavarria.com.ar\\\/index.php\\\/2026\\\/09\\\/04\\\/caeinstitucional-estudiantes-lanza-el-proyecto-puente-educativo-su-primera-iniciativa-en-educacion\\\/\"},\"author\":{\"name\":\"Magdalena Jaureguiberry\",\"@id\":\"https:\\\/\\\/caeolavarria.com.ar\\\/#\\\/schema\\\/person\\\/5d81d643dd7ab3bbc0706700e7643efe\"},\"headline\":\"#CAEINSTITUCIONAL Estudiantes lanza el Proyecto Puente Educativo, su primera iniciativa en educaci\u00f3n \u00a0\",\"datePublished\":\"2026-09-04T12:40:38+00:00\",\"dateModified\":\"2026-09-04T13:37:15+00:00\",\"mainEntityOfPage\":{\"@id\":\"https:\\\/\\\/caeolavarria.com.ar\\\/index.php\\\/2026\\\/09\\\/04\\\/caeinstitucional-estudiantes-lanza-el-proyecto-puente-educativo-su-primera-iniciativa-en-educacion\\\/\"},\"wordCount\":1147,\"commentCount\":0,\"publisher\":{\"@id\":\"https:\\\/\\\/caeolavarria.com.ar\\\/#organization\"},\"image\":{\"@id\":\"https:\\\/\\\/caeolavarria.com.ar\\\/index.php\\\/2026\\\/09\\\/04\\\/caeinstitucional-estudiantes-lanza-el-proyecto-puente-educativo-su-primera-iniciativa-en-educacion\\\/#primaryimage\"},\"thumbnailUrl\":\"https:\\\/\\\/caeolavarria.com.ar\\\/wp-content\\\/uploads\\\/2026\\\/09\\\/Fotos-web-educacion.png\",\"articleSection\":[\"Institucional\",\"Noticias\"],\"inLanguage\":\"es-AR\",\"potentialAction\":[{\"@type\":\"CommentAction\",\"name\":\"Comment\",\"target\":[\"https:\\\/\\\/caeolavarria.com.ar\\\/index.php\\\/2026\\\/09\\\/04\\\/caeinstitucional-estudiantes-lanza-el-proyecto-puente-educativo-su-primera-iniciativa-en-educacion\\\/#respond\"]}]},{\"@type\":\"WebPage\",\"@id\":\"https:\\\/\\\/caeolavarria.com.ar\\\/index.php\\\/2026\\\/09\\\/04\\\/caeinstitucional-estudiantes-lanza-el-proyecto-puente-educativo-su-primera-iniciativa-en-educacion\\\/\",\"url\":\"https:\\\/\\\/caeolavarria.com.ar\\\/index.php\\\/2026\\\/09\\\/04\\\/caeinstitucional-estudiantes-lanza-el-proyecto-puente-educativo-su-primera-iniciativa-en-educacion\\\/\",\"name\":\"#CAEINSTITUCIONAL Estudiantes lanza el Proyecto Puente Educativo, su primera iniciativa en educaci\u00f3n \u00a0 - Club Atl\u00e9tico Estudiantes de Olavarr\u00eda | Sitio oficial\",\"isPartOf\":{\"@id\":\"https:\\\/\\\/caeolavarria.com.ar\\\/#website\"},\"primaryImageOfPage\":{\"@id\":\"https:\\\/\\\/caeolavarria.com.ar\\\/index.php\\\/2026\\\/09\\\/04\\\/caeinstitucional-estudiantes-lanza-el-proyecto-puente-educativo-su-primera-iniciativa-en-educacion\\\/#primaryimage\"},\"image\":{\"@id\":\"https:\\\/\\\/caeolavarria.com.ar\\\/index.php\\\/2026\\\/09\\\/04\\\/caeinstitucional-estudiantes-lanza-el-proyecto-puente-educativo-su-primera-iniciativa-en-educacion\\\/#primaryimage\"},\"thumbnailUrl\":\"https:\\\/\\\/caeolavarria.com.ar\\\/wp-content\\\/uploads\\\/2026\\\/09\\\/Fotos-web-educacion.png\",\"datePublished\":\"2026-09-04T12:40:38+00:00\",\"dateModified\":\"2026-09-04T13:37:15+00:00\",\"breadcrumb\":{\"@id\":\"https:\\\/\\\/caeolavarria.com.ar\\\/index.php\\\/2026\\\/09\\\/04\\\/caeinstitucional-estudiantes-lanza-el-proyecto-puente-educativo-su-primera-iniciativa-en-educacion\\\/#breadcrumb\"},\"inLanguage\":\"es-AR\",\"potentialAction\":[{\"@type\":\"ReadAction\",\"target\":[\"https:\\\/\\\/caeolavarria.com.ar\\\/index.php\\\/2026\\\/09\\\/04\\\/caeinstitucional-estudiantes-lanza-el-proyecto-puente-educativo-su-primera-iniciativa-en-educacion\\\/\"]}]},{\"@type\":\"ImageObject\",\"inLanguage\":\"es-AR\",\"@id\":\"https:\\\/\\\/caeolavarria.com.ar\\\/index.php\\\/2026\\\/09\\\/04\\\/caeinstitucional-estudiantes-lanza-el-proyecto-puente-educativo-su-primera-iniciativa-en-educacion\\\/#primaryimage\",\"url\":\"https:\\\/\\\/caeolavarria.com.ar\\\/wp-content\\\/uploads\\\/2026\\\/09\\\/Fotos-web-educacion.png\",\"contentUrl\":\"https:\\\/\\\/caeolavarria.com.ar\\\/wp-content\\\/uploads\\\/2026\\\/09\\\/Fotos-web-educacion.png\",\"width\":2500,\"height\":1500},{\"@type\":\"BreadcrumbList\",\"@id\":\"https:\\\/\\\/caeolavarria.com.ar\\\/index.php\\\/2026\\\/09\\\/04\\\/caeinstitucional-estudiantes-lanza-el-proyecto-puente-educativo-su-primera-iniciativa-en-educacion\\\/#breadcrumb\",\"itemListElement\":[{\"@type\":\"ListItem\",\"position\":1,\"name\":\"Inicio\",\"item\":\"https:\\\/\\\/caeolavarria.com.ar\\\/\"},{\"@type\":\"ListItem\",\"position\":2,\"name\":\"#CAEINSTITUCIONAL Estudiantes lanza el Proyecto Puente Educativo, su primera iniciativa en educaci\u00f3n \u00a0\"}]},{\"@type\":\"WebSite\",\"@id\":\"https:\\\/\\\/caeolavarria.com.ar\\\/#website\",\"url\":\"https:\\\/\\\/caeolavarria.com.ar\\\/\",\"name\":\"Club Atl\u00e9tico Estudiantes de Olavarr\u00eda | Sitio oficial\",\"description\":\"\",\"publisher\":{\"@id\":\"https:\\\/\\\/caeolavarria.com.ar\\\/#organization\"},\"potentialAction\":[{\"@type\":\"SearchAction\",\"target\":{\"@type\":\"EntryPoint\",\"urlTemplate\":\"https:\\\/\\\/caeolavarria.com.ar\\\/?s={search_term_string}\"},\"query-input\":{\"@type\":\"PropertyValueSpecification\",\"valueRequired\":true,\"valueName\":\"search_term_string\"}}],\"inLanguage\":\"es-AR\"},{\"@type\":\"Organization\",\"@id\":\"https:\\\/\\\/caeolavarria.com.ar\\\/#organization\",\"name\":\"Club Atl\u00e9tico Estudiantes de Olavarr\u00eda\",\"url\":\"https:\\\/\\\/caeolavarria.com.ar\\\/\",\"logo\":{\"@type\":\"ImageObject\",\"inLanguage\":\"es-AR\",\"@id\":\"https:\\\/\\\/caeolavarria.com.ar\\\/#\\\/schema\\\/logo\\\/image\\\/\",\"url\":\"https:\\\/\\\/caeolavarria.com.ar\\\/wp-content\\\/uploads\\\/2025\\\/03\\\/logo-banco_Mesa-de-trabajo-1.png\",\"contentUrl\":\"https:\\\/\\\/caeolavarria.com.ar\\\/wp-content\\\/uploads\\\/2025\\\/03\\\/logo-banco_Mesa-de-trabajo-1.png\",\"width\":1355,\"height\":1355,\"caption\":\"Club Atl\u00e9tico Estudiantes de Olavarr\u00eda\"},\"image\":{\"@id\":\"https:\\\/\\\/caeolavarria.com.ar\\\/#\\\/schema\\\/logo\\\/image\\\/\"},\"sameAs\":[\"https:\\\/\\\/www.facebook.com\\\/caeolavarria\",\"https:\\\/\\\/x.com\\\/CAEOlavarria\",\"https:\\\/\\\/www.instagram.com\\\/estudiantesolavarria\\\/\"]},{\"@type\":\"Person\",\"@id\":\"https:\\\/\\\/caeolavarria.com.ar\\\/#\\\/schema\\\/person\\\/5d81d643dd7ab3bbc0706700e7643efe\",\"name\":\"Magdalena Jaureguiberry\",\"image\":{\"@type\":\"ImageObject\",\"inLanguage\":\"es-AR\",\"@id\":\"https:\\\/\\\/secure.gravatar.com\\\/avatar\\\/a916e6a7c9b4a50934cf3d0f74f17f252c4b12304166e950ef947c6980ef29ed?s=96&d=mm&r=g\",\"url\":\"https:\\\/\\\/secure.gravatar.com\\\/avatar\\\/a916e6a7c9b4a50934cf3d0f74f17f252c4b12304166e950ef947c6980ef29ed?s=96&d=mm&r=g\",\"contentUrl\":\"https:\\\/\\\/secure.gravatar.com\\\/avatar\\\/a916e6a7c9b4a50934cf3d0f74f17f252c4b12304166e950ef947c6980ef29ed?s=96&d=mm&r=g\",\"caption\":\"Magdalena Jaureguiberry\"},\"url\":\"https:\\\/\\\/caeolavarria.com.ar\\\/index.php\\\/author\\\/mjaureguiberry\\\/\"}]}<\/script>\n<!-- \/ Yoast SEO plugin. -->","yoast_head_json":{"title":"#CAEINSTITUCIONAL Estudiantes lanza el Proyecto Puente Educativo, su primera iniciativa en educaci\u00f3n \u00a0 - Club Atl\u00e9tico Estudiantes de Olavarr\u00eda | Sitio oficial","robots":{"index":"index","follow":"follow","max-snippet":"max-snippet:-1","max-image-preview":"max-image-preview:large","max-video-preview":"max-video-preview:-1"},"canonical":"https:\/\/caeolavarria.com.ar\/index.php\/2026\/09\/04\/caeinstitucional-estudiantes-lanza-el-proyecto-puente-educativo-su-primera-iniciativa-en-educacion\/","og_locale":"es_ES","og_type":"article","og_title":"#CAEINSTITUCIONAL Estudiantes lanza el Proyecto Puente Educativo, su primera iniciativa en educaci\u00f3n \u00a0 - Club Atl\u00e9tico Estudiantes de Olavarr\u00eda | Sitio oficial","og_description":"El Club Atl\u00e9tico Estudiantes pone en marcha el Proyecto Puente [...]","og_url":"https:\/\/caeolavarria.com.ar\/index.php\/2026\/09\/04\/caeinstitucional-estudiantes-lanza-el-proyecto-puente-educativo-su-primera-iniciativa-en-educacion\/","og_site_name":"Club Atl\u00e9tico Estudiantes de Olavarr\u00eda | Sitio oficial","article_publisher":"https:\/\/www.facebook.com\/caeolavarria","article_published_time":"2026-09-04T12:40:38+00:00","article_modified_time":"2026-09-04T13:37:15+00:00","og_image":[{"width":2500,"height":1500,"url":"https:\/\/caeolavarria.com.ar\/wp-content\/uploads\/2026\/09\/Fotos-web-educacion.png","type":"image\/png"}],"author":"Magdalena Jaureguiberry","twitter_card":"summary_large_image","twitter_creator":"@CAEOlavarria","twitter_site":"@CAEOlavarria","twitter_misc":{"Escrito por":"Magdalena Jaureguiberry","Tiempo de lectura":"6 minutos"},"schema":{"@context":"https:\/\/schema.org","@graph":[{"@type":"Article","@id":"https:\/\/caeolavarria.com.ar\/index.php\/2026\/09\/04\/caeinstitucional-estudiantes-lanza-el-proyecto-puente-educativo-su-primera-iniciativa-en-educacion\/#article","isPartOf":{"@id":"https:\/\/caeolavarria.com.ar\/index.php\/2026\/09\/04\/caeinstitucional-estudiantes-lanza-el-proyecto-puente-educativo-su-primera-iniciativa-en-educacion\/"},"author":{"name":"Magdalena Jaureguiberry","@id":"https:\/\/caeolavarria.com.ar\/#\/schema\/person\/5d81d643dd7ab3bbc0706700e7643efe"},"headline":"#CAEINSTITUCIONAL Estudiantes lanza el Proyecto Puente Educativo, su primera iniciativa en educaci\u00f3n \u00a0","datePublished":"2026-09-04T12:40:38+00:00","dateModified":"2026-09-04T13:37:15+00:00","mainEntityOfPage":{"@id":"https:\/\/caeolavarria.com.ar\/index.php\/2026\/09\/04\/caeinstitucional-estudiantes-lanza-el-proyecto-puente-educativo-su-primera-iniciativa-en-educacion\/"},"wordCount":1147,"commentCount":0,"publisher":{"@id":"https:\/\/caeolavarria.com.ar\/#organization"},"image":{"@id":"https:\/\/caeolavarria.com.ar\/index.php\/2026\/09\/04\/caeinstitucional-estudiantes-lanza-el-proyecto-puente-educativo-su-primera-iniciativa-en-educacion\/#primaryimage"},"thumbnailUrl":"https:\/\/caeolavarria.com.ar\/wp-content\/uploads\/2026\/09\/Fotos-web-educacion.png","articleSection":["Institucional","Noticias"],"inLanguage":"es-AR","potentialAction":[{"@type":"CommentAction","name":"Comment","target":["https:\/\/caeolavarria.com.ar\/index.php\/2026\/09\/04\/caeinstitucional-estudiantes-lanza-el-proyecto-puente-educativo-su-primera-iniciativa-en-educacion\/#respond"]}]},{"@type":"WebPage","@id":"https:\/\/caeolavarria.com.ar\/index.php\/2026\/09\/04\/caeinstitucional-estudiantes-lanza-el-proyecto-puente-educativo-su-primera-iniciativa-en-educacion\/","url":"https:\/\/caeolavarria.com.ar\/index.php\/2026\/09\/04\/caeinstitucional-estudiantes-lanza-el-proyecto-puente-educativo-su-primera-iniciativa-en-educacion\/","name":"#CAEINSTITUCIONAL Estudiantes lanza el Proyecto Puente Educativo, su primera iniciativa en educaci\u00f3n \u00a0 - Club Atl\u00e9tico Estudiantes de Olavarr\u00eda | Sitio oficial","isPartOf":{"@id":"https:\/\/caeolavarria.com.ar\/#website"},"primaryImageOfPage":{"@id":"https:\/\/caeolavarria.com.ar\/index.php\/2026\/09\/04\/caeinstitucional-estudiantes-lanza-el-proyecto-puente-educativo-su-primera-iniciativa-en-educacion\/#primaryimage"},"image":{"@id":"https:\/\/caeolavarria.com.ar\/index.php\/2026\/09\/04\/caeinstitucional-estudiantes-lanza-el-proyecto-puente-educativo-su-primera-iniciativa-en-educacion\/#primaryimage"},"thumbnailUrl":"https:\/\/caeolavarria.com.ar\/wp-content\/uploads\/2026\/09\/Fotos-web-educacion.png","datePublished":"2026-09-04T12:40:38+00:00","dateModified":"2026-09-04T13:37:15+00:00","breadcrumb":{"@id":"https:\/\/caeolavarria.com.ar\/index.php\/2026\/09\/04\/caeinstitucional-estudiantes-lanza-el-proyecto-puente-educativo-su-primera-iniciativa-en-educacion\/#breadcrumb"},"inLanguage":"es-AR","potentialAction":[{"@type":"ReadAction","target":["https:\/\/caeolavarria.com.ar\/index.php\/2026\/09\/04\/caeinstitucional-estudiantes-lanza-el-proyecto-puente-educativo-su-primera-iniciativa-en-educacion\/"]}]},{"@type":"ImageObject","inLanguage":"es-AR","@id":"https:\/\/caeolavarria.com.ar\/index.php\/2026\/09\/04\/caeinstitucional-estudiantes-lanza-el-proyecto-puente-educativo-su-primera-iniciativa-en-educacion\/#primaryimage","url":"https:\/\/caeolavarria.com.ar\/wp-content\/uploads\/2026\/09\/Fotos-web-educacion.png","contentUrl":"https:\/\/caeolavarria.com.ar\/wp-content\/uploads\/2026\/09\/Fotos-web-educacion.png","width":2500,"height":1500},{"@type":"BreadcrumbList","@id":"https:\/\/caeolavarria.com.ar\/index.php\/2026\/09\/04\/caeinstitucional-estudiantes-lanza-el-proyecto-puente-educativo-su-primera-iniciativa-en-educacion\/#breadcrumb","itemListElement":[{"@type":"ListItem","position":1,"name":"Inicio","item":"https:\/\/caeolavarria.com.ar\/"},{"@type":"ListItem","position":2,"name":"#CAEINSTITUCIONAL Estudiantes lanza el Proyecto Puente Educativo, su primera iniciativa en educaci\u00f3n \u00a0"}]},{"@type":"WebSite","@id":"https:\/\/caeolavarria.com.ar\/#website","url":"https:\/\/caeolavarria.com.ar\/","name":"Club Atl\u00e9tico Estudiantes de Olavarr\u00eda | Sitio oficial","description":"","publisher":{"@id":"https:\/\/caeolavarria.com.ar\/#organization"},"potentialAction":[{"@type":"SearchAction","target":{"@type":"EntryPoint","urlTemplate":"https:\/\/caeolavarria.com.ar\/?s={search_term_string}"},"query-input":{"@type":"PropertyValueSpecification","valueRequired":true,"valueName":"search_term_string"}}],"inLanguage":"es-AR"},{"@type":"Organization","@id":"https:\/\/caeolavarria.com.ar\/#organization","name":"Club Atl\u00e9tico Estudiantes de Olavarr\u00eda","url":"https:\/\/caeolavarria.com.ar\/","logo":{"@type":"ImageObject","inLanguage":"es-AR","@id":"https:\/\/caeolavarria.com.ar\/#\/schema\/logo\/image\/","url":"https:\/\/caeolavarria.com.ar\/wp-content\/uploads\/2025\/03\/logo-banco_Mesa-de-trabajo-1.png","contentUrl":"https:\/\/caeolavarria.com.ar\/wp-content\/uploads\/2025\/03\/logo-banco_Mesa-de-trabajo-1.png","width":1355,"height":1355,"caption":"Club Atl\u00e9tico Estudiantes de Olavarr\u00eda"},"image":{"@id":"https:\/\/caeolavarria.com.ar\/#\/schema\/logo\/image\/"},"sameAs":["https:\/\/www.facebook.com\/caeolavarria","https:\/\/x.com\/CAEOlavarria","https:\/\/www.instagram.com\/estudiantesolavarria\/"]},{"@type":"Person","@id":"https:\/\/caeolavarria.com.ar\/#\/schema\/person\/5d81d643dd7ab3bbc0706700e7643efe","name":"Magdalena Jaureguiberry","image":{"@type":"ImageObject","inLanguage":"es-AR","@id":"https:\/\/secure.gravatar.com\/avatar\/a916e6a7c9b4a50934cf3d0f74f17f252c4b12304166e950ef947c6980ef29ed?s=96&d=mm&r=g","url":"https:\/\/secure.gravatar.com\/avatar\/a916e6a7c9b4a50934cf3d0f74f17f252c4b12304166e950ef947c6980ef29ed?s=96&d=mm&r=g","contentUrl":"https:\/\/secure.gravatar.com\/avatar\/a916e6a7c9b4a50934cf3d0f74f17f252c4b12304166e950ef947c6980ef29ed?s=96&d=mm&r=g","caption":"Magdalena Jaureguiberry"},"url":"https:\/\/caeolavarria.com.ar\/index.php\/author\/mjaureguiberry\/"}]}},"_links":{"self":[{"href":"https:\/\/caeolavarria.com.ar\/index.php\/wp-json\/wp\/v2\/posts\/10358","targetHints":{"allow":["GET"]}}],"collection":[{"href":"https:\/\/caeolavarria.com.ar\/index.php\/wp-json\/wp\/v2\/posts"}],"about":[{"href":"https:\/\/caeolavarria.com.ar\/index.php\/wp-json\/wp\/v2\/types\/post"}],"author":[{"embeddable":true,"href":"https:\/\/caeolavarria.com.ar\/index.php\/wp-json\/wp\/v2\/users\/2"}],"replies":[{"embeddable":true,"href":"https:\/\/caeolavarria.com.ar\/index.php\/wp-json\/wp\/v2\/comments?post=10358"}],"version-history":[{"count":6,"href":"https:\/\/caeolavarria.com.ar\/index.php\/wp-json\/wp\/v2\/posts\/10358\/revisions"}],"predecessor-version":[{"id":10366,"href":"https:\/\/caeolavarria.com.ar\/index.php\/wp-json\/wp\/v2\/posts\/10358\/revisions\/10366"}],"wp:featuredmedia":[{"embeddable":true,"href":"https:\/\/caeolavarria.com.ar\/index.php\/wp-json\/wp\/v2\/media\/10359"}],"wp:attachment":[{"href":"https:\/\/caeolavarria.com.ar\/index.php\/wp-json\/wp\/v2\/media?parent=10358"}],"wp:term":[{"taxonomy":"category","embeddable":true,"href":"https:\/\/caeolavarria.com.ar\/index.php\/wp-json\/wp\/v2\/categories?post=10358"},{"taxonomy":"post_tag","embeddable":true,"href":"https:\/\/caeolavarria.com.ar\/index.php\/wp-json\/wp\/v2\/tags?post=10358"}],"curies":[{"name":"wp","href":"https:\/\/api.w.org\/{rel}","templated":true}]}}