{"id":5967,"date":"2025-08-30T21:25:01","date_gmt":"2025-08-31T00:25:01","guid":{"rendered":"https:\/\/caeolavarria.com.ar\/?p=5967"},"modified":"2025-08-30T21:25:01","modified_gmt":"2025-08-31T00:25:01","slug":"caepaleta-gran-debut-albinegro-en-el-clausura-provincial-damas-b","status":"publish","type":"post","link":"https:\/\/caeolavarria.com.ar\/index.php\/2025\/08\/30\/caepaleta-gran-debut-albinegro-en-el-clausura-provincial-damas-b\/","title":{"rendered":"#CAEPALETA Gran debut albinegro en el Clausura Provincial Damas \u201cB\u201d"},"content":{"rendered":"<p>El Trinquete del Club Atl\u00e9tico Estudiantes fue escenario este s\u00e1bado del inicio del Torneo Clausura Provincial de Damas \u201cB\u201d, donde el Bata estuvo representado por Marcela Pellejero y Mercedes Wagner. La dupla albinegra tuvo un inicio de certamen destacado, mostrando regularidad y solidez en cada presentaci\u00f3n ante rivales de toda la regi\u00f3n.<\/p>\n<p><!--more--><\/p>\n<p>En cuanto a los resultados, las representantes del CAE se impusieron en sus cuatro partidos: vencieron a Newbery de Laprida \u201cC\u201d (6-12, 12-9 y 7-4), a Trenque Lauquen \u201cA\u201d (12-3 y 12-3), a Newbery de Laprida \u201cB\u201d (12-6 y 12-6) y a Bol\u00edvar \u201cB\u201d (12-6 y 12-4).<\/p>\n<p>Un comienzo prometedor para las albinegras, que defendieron la local\u00eda con un gran nivel y dejaron en lo m\u00e1s alto los colores de Estudiantes.<br \/>\n35 min<\/p>\n","protected":false},"excerpt":{"rendered":"<p>El Trinquete del Club Atl\u00e9tico Estudiantes fue escenario este s\u00e1bado  [&#8230;]<\/p>\n","protected":false},"author":2,"featured_media":5960,"comment_status":"open","ping_status":"open","sticky":false,"template":"","format":"standard","meta":{"_acf_changed":false,"_bbp_topic_count":0,"_bbp_reply_count":0,"_bbp_total_topic_count":0,"_bbp_total_reply_count":0,"_bbp_voice_count":0,"_bbp_anonymous_reply_count":0,"_bbp_topic_count_hidden":0,"_bbp_reply_count_hidden":0,"_bbp_forum_subforum_count":0,"content-type":"","footnotes":""},"categories":[62,74],"tags":[],"class_list":["post-5967","post","type-post","status-publish","format-standard","has-post-thumbnail","hentry","category-noticias","category-pelota-paleta"],"acf":[],"yoast_head":"<!-- This site is optimized with the Yoast SEO plugin v27.2 - https:\/\/yoast.com\/product\/yoast-seo-wordpress\/ -->\n<title>#CAEPALETA Gran debut albinegro en el Clausura Provincial Damas \u201cB\u201d - Club Atl\u00e9tico Estudiantes de Olavarr\u00eda | Sitio oficial<\/title>\n<meta name=\"robots\" content=\"index, follow, max-snippet:-1, max-image-preview:large, max-video-preview:-1\" \/>\n<link rel=\"canonical\" href=\"https:\/\/caeolavarria.com.ar\/index.php\/2025\/08\/30\/caepaleta-gran-debut-albinegro-en-el-clausura-provincial-damas-b\/\" \/>\n<meta property=\"og:locale\" content=\"es_ES\" \/>\n<meta property=\"og:type\" content=\"article\" \/>\n<meta property=\"og:title\" content=\"#CAEPALETA Gran debut albinegro en el Clausura Provincial Damas \u201cB\u201d - Club Atl\u00e9tico Estudiantes de Olavarr\u00eda | Sitio oficial\" \/>\n<meta property=\"og:description\" content=\"El Trinquete del Club Atl\u00e9tico Estudiantes fue escenario este s\u00e1bado [...]\" \/>\n<meta property=\"og:url\" content=\"https:\/\/caeolavarria.com.ar\/index.php\/2025\/08\/30\/caepaleta-gran-debut-albinegro-en-el-clausura-provincial-damas-b\/\" \/>\n<meta property=\"og:site_name\" content=\"Club Atl\u00e9tico Estudiantes de Olavarr\u00eda | Sitio oficial\" \/>\n<meta property=\"article:publisher\" content=\"https:\/\/www.facebook.com\/caeolavarria\" \/>\n<meta property=\"article:published_time\" content=\"2025-08-31T00:25:01+00:00\" \/>\n<meta property=\"og:image\" content=\"https:\/\/caeolavarria.com.ar\/wp-content\/uploads\/2025\/08\/paleta-web.jpg\" \/>\n\t<meta property=\"og:image:width\" content=\"2500\" \/>\n\t<meta property=\"og:image:height\" content=\"1500\" \/>\n\t<meta property=\"og:image:type\" content=\"image\/jpeg\" \/>\n<meta name=\"author\" content=\"Magdalena Jaureguiberry\" \/>\n<meta name=\"twitter:card\" content=\"summary_large_image\" \/>\n<meta name=\"twitter:creator\" content=\"@CAEOlavarria\" \/>\n<meta name=\"twitter:site\" content=\"@CAEOlavarria\" \/>\n<meta name=\"twitter:label1\" content=\"Escrito por\" \/>\n\t<meta name=\"twitter:data1\" content=\"Magdalena Jaureguiberry\" \/>\n\t<meta name=\"twitter:label2\" content=\"Tiempo de lectura\" \/>\n\t<meta name=\"twitter:data2\" content=\"1 minuto\" \/>\n<script type=\"application\/ld+json\" class=\"yoast-schema-graph\">{\"@context\":\"https:\/\/schema.org\",\"@graph\":[{\"@type\":\"Article\",\"@id\":\"https:\/\/caeolavarria.com.ar\/index.php\/2025\/08\/30\/caepaleta-gran-debut-albinegro-en-el-clausura-provincial-damas-b\/#article\",\"isPartOf\":{\"@id\":\"https:\/\/caeolavarria.com.ar\/index.php\/2025\/08\/30\/caepaleta-gran-debut-albinegro-en-el-clausura-provincial-damas-b\/\"},\"author\":{\"name\":\"Magdalena Jaureguiberry\",\"@id\":\"https:\/\/caeolavarria.com.ar\/#\/schema\/person\/5d81d643dd7ab3bbc0706700e7643efe\"},\"headline\":\"#CAEPALETA Gran debut albinegro en el Clausura Provincial Damas \u201cB\u201d\",\"datePublished\":\"2025-08-31T00:25:01+00:00\",\"mainEntityOfPage\":{\"@id\":\"https:\/\/caeolavarria.com.ar\/index.php\/2025\/08\/30\/caepaleta-gran-debut-albinegro-en-el-clausura-provincial-damas-b\/\"},\"wordCount\":141,\"commentCount\":0,\"publisher\":{\"@id\":\"https:\/\/caeolavarria.com.ar\/#organization\"},\"image\":{\"@id\":\"https:\/\/caeolavarria.com.ar\/index.php\/2025\/08\/30\/caepaleta-gran-debut-albinegro-en-el-clausura-provincial-damas-b\/#primaryimage\"},\"thumbnailUrl\":\"https:\/\/caeolavarria.com.ar\/wp-content\/uploads\/2025\/08\/paleta-web.jpg\",\"articleSection\":[\"Noticias\",\"Pelota Paleta\"],\"inLanguage\":\"es-AR\",\"potentialAction\":[{\"@type\":\"CommentAction\",\"name\":\"Comment\",\"target\":[\"https:\/\/caeolavarria.com.ar\/index.php\/2025\/08\/30\/caepaleta-gran-debut-albinegro-en-el-clausura-provincial-damas-b\/#respond\"]}]},{\"@type\":\"WebPage\",\"@id\":\"https:\/\/caeolavarria.com.ar\/index.php\/2025\/08\/30\/caepaleta-gran-debut-albinegro-en-el-clausura-provincial-damas-b\/\",\"url\":\"https:\/\/caeolavarria.com.ar\/index.php\/2025\/08\/30\/caepaleta-gran-debut-albinegro-en-el-clausura-provincial-damas-b\/\",\"name\":\"#CAEPALETA Gran debut albinegro en el Clausura Provincial Damas \u201cB\u201d - Club Atl\u00e9tico Estudiantes de Olavarr\u00eda | Sitio oficial\",\"isPartOf\":{\"@id\":\"https:\/\/caeolavarria.com.ar\/#website\"},\"primaryImageOfPage\":{\"@id\":\"https:\/\/caeolavarria.com.ar\/index.php\/2025\/08\/30\/caepaleta-gran-debut-albinegro-en-el-clausura-provincial-damas-b\/#primaryimage\"},\"image\":{\"@id\":\"https:\/\/caeolavarria.com.ar\/index.php\/2025\/08\/30\/caepaleta-gran-debut-albinegro-en-el-clausura-provincial-damas-b\/#primaryimage\"},\"thumbnailUrl\":\"https:\/\/caeolavarria.com.ar\/wp-content\/uploads\/2025\/08\/paleta-web.jpg\",\"datePublished\":\"2025-08-31T00:25:01+00:00\",\"breadcrumb\":{\"@id\":\"https:\/\/caeolavarria.com.ar\/index.php\/2025\/08\/30\/caepaleta-gran-debut-albinegro-en-el-clausura-provincial-damas-b\/#breadcrumb\"},\"inLanguage\":\"es-AR\",\"potentialAction\":[{\"@type\":\"ReadAction\",\"target\":[\"https:\/\/caeolavarria.com.ar\/index.php\/2025\/08\/30\/caepaleta-gran-debut-albinegro-en-el-clausura-provincial-damas-b\/\"]}]},{\"@type\":\"ImageObject\",\"inLanguage\":\"es-AR\",\"@id\":\"https:\/\/caeolavarria.com.ar\/index.php\/2025\/08\/30\/caepaleta-gran-debut-albinegro-en-el-clausura-provincial-damas-b\/#primaryimage\",\"url\":\"https:\/\/caeolavarria.com.ar\/wp-content\/uploads\/2025\/08\/paleta-web.jpg\",\"contentUrl\":\"https:\/\/caeolavarria.com.ar\/wp-content\/uploads\/2025\/08\/paleta-web.jpg\",\"width\":2500,\"height\":1500},{\"@type\":\"BreadcrumbList\",\"@id\":\"https:\/\/caeolavarria.com.ar\/index.php\/2025\/08\/30\/caepaleta-gran-debut-albinegro-en-el-clausura-provincial-damas-b\/#breadcrumb\",\"itemListElement\":[{\"@type\":\"ListItem\",\"position\":1,\"name\":\"Inicio\",\"item\":\"https:\/\/caeolavarria.com.ar\/\"},{\"@type\":\"ListItem\",\"position\":2,\"name\":\"#CAEPALETA Gran debut albinegro en el Clausura Provincial Damas \u201cB\u201d\"}]},{\"@type\":\"WebSite\",\"@id\":\"https:\/\/caeolavarria.com.ar\/#website\",\"url\":\"https:\/\/caeolavarria.com.ar\/\",\"name\":\"Club Atl\u00e9tico Estudiantes de Olavarr\u00eda | Sitio oficial\",\"description\":\"\",\"publisher\":{\"@id\":\"https:\/\/caeolavarria.com.ar\/#organization\"},\"potentialAction\":[{\"@type\":\"SearchAction\",\"target\":{\"@type\":\"EntryPoint\",\"urlTemplate\":\"https:\/\/caeolavarria.com.ar\/?s={search_term_string}\"},\"query-input\":{\"@type\":\"PropertyValueSpecification\",\"valueRequired\":true,\"valueName\":\"search_term_string\"}}],\"inLanguage\":\"es-AR\"},{\"@type\":\"Organization\",\"@id\":\"https:\/\/caeolavarria.com.ar\/#organization\",\"name\":\"Club Atl\u00e9tico Estudiantes de Olavarr\u00eda\",\"url\":\"https:\/\/caeolavarria.com.ar\/\",\"logo\":{\"@type\":\"ImageObject\",\"inLanguage\":\"es-AR\",\"@id\":\"https:\/\/caeolavarria.com.ar\/#\/schema\/logo\/image\/\",\"url\":\"https:\/\/caeolavarria.com.ar\/wp-content\/uploads\/2025\/03\/logo-banco_Mesa-de-trabajo-1.png\",\"contentUrl\":\"https:\/\/caeolavarria.com.ar\/wp-content\/uploads\/2025\/03\/logo-banco_Mesa-de-trabajo-1.png\",\"width\":1355,\"height\":1355,\"caption\":\"Club Atl\u00e9tico Estudiantes de Olavarr\u00eda\"},\"image\":{\"@id\":\"https:\/\/caeolavarria.com.ar\/#\/schema\/logo\/image\/\"},\"sameAs\":[\"https:\/\/www.facebook.com\/caeolavarria\",\"https:\/\/x.com\/CAEOlavarria\",\"https:\/\/www.instagram.com\/estudiantesolavarria\/\"]},{\"@type\":\"Person\",\"@id\":\"https:\/\/caeolavarria.com.ar\/#\/schema\/person\/5d81d643dd7ab3bbc0706700e7643efe\",\"name\":\"Magdalena Jaureguiberry\",\"image\":{\"@type\":\"ImageObject\",\"inLanguage\":\"es-AR\",\"@id\":\"https:\/\/secure.gravatar.com\/avatar\/a916e6a7c9b4a50934cf3d0f74f17f252c4b12304166e950ef947c6980ef29ed?s=96&d=mm&r=g\",\"url\":\"https:\/\/secure.gravatar.com\/avatar\/a916e6a7c9b4a50934cf3d0f74f17f252c4b12304166e950ef947c6980ef29ed?s=96&d=mm&r=g\",\"contentUrl\":\"https:\/\/secure.gravatar.com\/avatar\/a916e6a7c9b4a50934cf3d0f74f17f252c4b12304166e950ef947c6980ef29ed?s=96&d=mm&r=g\",\"caption\":\"Magdalena Jaureguiberry\"},\"url\":\"https:\/\/caeolavarria.com.ar\/index.php\/author\/mjaureguiberry\/\"}]}<\/script>\n<!-- \/ Yoast SEO plugin. -->","yoast_head_json":{"title":"#CAEPALETA Gran debut albinegro en el Clausura Provincial Damas \u201cB\u201d - Club Atl\u00e9tico Estudiantes de Olavarr\u00eda | Sitio oficial","robots":{"index":"index","follow":"follow","max-snippet":"max-snippet:-1","max-image-preview":"max-image-preview:large","max-video-preview":"max-video-preview:-1"},"canonical":"https:\/\/caeolavarria.com.ar\/index.php\/2025\/08\/30\/caepaleta-gran-debut-albinegro-en-el-clausura-provincial-damas-b\/","og_locale":"es_ES","og_type":"article","og_title":"#CAEPALETA Gran debut albinegro en el Clausura Provincial Damas \u201cB\u201d - Club Atl\u00e9tico Estudiantes de Olavarr\u00eda | Sitio oficial","og_description":"El Trinquete del Club Atl\u00e9tico Estudiantes fue escenario este s\u00e1bado [...]","og_url":"https:\/\/caeolavarria.com.ar\/index.php\/2025\/08\/30\/caepaleta-gran-debut-albinegro-en-el-clausura-provincial-damas-b\/","og_site_name":"Club Atl\u00e9tico Estudiantes de Olavarr\u00eda | Sitio oficial","article_publisher":"https:\/\/www.facebook.com\/caeolavarria","article_published_time":"2025-08-31T00:25:01+00:00","og_image":[{"width":2500,"height":1500,"url":"https:\/\/caeolavarria.com.ar\/wp-content\/uploads\/2025\/08\/paleta-web.jpg","type":"image\/jpeg"}],"author":"Magdalena Jaureguiberry","twitter_card":"summary_large_image","twitter_creator":"@CAEOlavarria","twitter_site":"@CAEOlavarria","twitter_misc":{"Escrito por":"Magdalena Jaureguiberry","Tiempo de lectura":"1 minuto"},"schema":{"@context":"https:\/\/schema.org","@graph":[{"@type":"Article","@id":"https:\/\/caeolavarria.com.ar\/index.php\/2025\/08\/30\/caepaleta-gran-debut-albinegro-en-el-clausura-provincial-damas-b\/#article","isPartOf":{"@id":"https:\/\/caeolavarria.com.ar\/index.php\/2025\/08\/30\/caepaleta-gran-debut-albinegro-en-el-clausura-provincial-damas-b\/"},"author":{"name":"Magdalena Jaureguiberry","@id":"https:\/\/caeolavarria.com.ar\/#\/schema\/person\/5d81d643dd7ab3bbc0706700e7643efe"},"headline":"#CAEPALETA Gran debut albinegro en el Clausura Provincial Damas \u201cB\u201d","datePublished":"2025-08-31T00:25:01+00:00","mainEntityOfPage":{"@id":"https:\/\/caeolavarria.com.ar\/index.php\/2025\/08\/30\/caepaleta-gran-debut-albinegro-en-el-clausura-provincial-damas-b\/"},"wordCount":141,"commentCount":0,"publisher":{"@id":"https:\/\/caeolavarria.com.ar\/#organization"},"image":{"@id":"https:\/\/caeolavarria.com.ar\/index.php\/2025\/08\/30\/caepaleta-gran-debut-albinegro-en-el-clausura-provincial-damas-b\/#primaryimage"},"thumbnailUrl":"https:\/\/caeolavarria.com.ar\/wp-content\/uploads\/2025\/08\/paleta-web.jpg","articleSection":["Noticias","Pelota Paleta"],"inLanguage":"es-AR","potentialAction":[{"@type":"CommentAction","name":"Comment","target":["https:\/\/caeolavarria.com.ar\/index.php\/2025\/08\/30\/caepaleta-gran-debut-albinegro-en-el-clausura-provincial-damas-b\/#respond"]}]},{"@type":"WebPage","@id":"https:\/\/caeolavarria.com.ar\/index.php\/2025\/08\/30\/caepaleta-gran-debut-albinegro-en-el-clausura-provincial-damas-b\/","url":"https:\/\/caeolavarria.com.ar\/index.php\/2025\/08\/30\/caepaleta-gran-debut-albinegro-en-el-clausura-provincial-damas-b\/","name":"#CAEPALETA Gran debut albinegro en el Clausura Provincial Damas \u201cB\u201d - Club Atl\u00e9tico Estudiantes de Olavarr\u00eda | Sitio oficial","isPartOf":{"@id":"https:\/\/caeolavarria.com.ar\/#website"},"primaryImageOfPage":{"@id":"https:\/\/caeolavarria.com.ar\/index.php\/2025\/08\/30\/caepaleta-gran-debut-albinegro-en-el-clausura-provincial-damas-b\/#primaryimage"},"image":{"@id":"https:\/\/caeolavarria.com.ar\/index.php\/2025\/08\/30\/caepaleta-gran-debut-albinegro-en-el-clausura-provincial-damas-b\/#primaryimage"},"thumbnailUrl":"https:\/\/caeolavarria.com.ar\/wp-content\/uploads\/2025\/08\/paleta-web.jpg","datePublished":"2025-08-31T00:25:01+00:00","breadcrumb":{"@id":"https:\/\/caeolavarria.com.ar\/index.php\/2025\/08\/30\/caepaleta-gran-debut-albinegro-en-el-clausura-provincial-damas-b\/#breadcrumb"},"inLanguage":"es-AR","potentialAction":[{"@type":"ReadAction","target":["https:\/\/caeolavarria.com.ar\/index.php\/2025\/08\/30\/caepaleta-gran-debut-albinegro-en-el-clausura-provincial-damas-b\/"]}]},{"@type":"ImageObject","inLanguage":"es-AR","@id":"https:\/\/caeolavarria.com.ar\/index.php\/2025\/08\/30\/caepaleta-gran-debut-albinegro-en-el-clausura-provincial-damas-b\/#primaryimage","url":"https:\/\/caeolavarria.com.ar\/wp-content\/uploads\/2025\/08\/paleta-web.jpg","contentUrl":"https:\/\/caeolavarria.com.ar\/wp-content\/uploads\/2025\/08\/paleta-web.jpg","width":2500,"height":1500},{"@type":"BreadcrumbList","@id":"https:\/\/caeolavarria.com.ar\/index.php\/2025\/08\/30\/caepaleta-gran-debut-albinegro-en-el-clausura-provincial-damas-b\/#breadcrumb","itemListElement":[{"@type":"ListItem","position":1,"name":"Inicio","item":"https:\/\/caeolavarria.com.ar\/"},{"@type":"ListItem","position":2,"name":"#CAEPALETA Gran debut albinegro en el Clausura Provincial Damas \u201cB\u201d"}]},{"@type":"WebSite","@id":"https:\/\/caeolavarria.com.ar\/#website","url":"https:\/\/caeolavarria.com.ar\/","name":"Club Atl\u00e9tico Estudiantes de Olavarr\u00eda | Sitio oficial","description":"","publisher":{"@id":"https:\/\/caeolavarria.com.ar\/#organization"},"potentialAction":[{"@type":"SearchAction","target":{"@type":"EntryPoint","urlTemplate":"https:\/\/caeolavarria.com.ar\/?s={search_term_string}"},"query-input":{"@type":"PropertyValueSpecification","valueRequired":true,"valueName":"search_term_string"}}],"inLanguage":"es-AR"},{"@type":"Organization","@id":"https:\/\/caeolavarria.com.ar\/#organization","name":"Club Atl\u00e9tico Estudiantes de Olavarr\u00eda","url":"https:\/\/caeolavarria.com.ar\/","logo":{"@type":"ImageObject","inLanguage":"es-AR","@id":"https:\/\/caeolavarria.com.ar\/#\/schema\/logo\/image\/","url":"https:\/\/caeolavarria.com.ar\/wp-content\/uploads\/2025\/03\/logo-banco_Mesa-de-trabajo-1.png","contentUrl":"https:\/\/caeolavarria.com.ar\/wp-content\/uploads\/2025\/03\/logo-banco_Mesa-de-trabajo-1.png","width":1355,"height":1355,"caption":"Club Atl\u00e9tico Estudiantes de Olavarr\u00eda"},"image":{"@id":"https:\/\/caeolavarria.com.ar\/#\/schema\/logo\/image\/"},"sameAs":["https:\/\/www.facebook.com\/caeolavarria","https:\/\/x.com\/CAEOlavarria","https:\/\/www.instagram.com\/estudiantesolavarria\/"]},{"@type":"Person","@id":"https:\/\/caeolavarria.com.ar\/#\/schema\/person\/5d81d643dd7ab3bbc0706700e7643efe","name":"Magdalena Jaureguiberry","image":{"@type":"ImageObject","inLanguage":"es-AR","@id":"https:\/\/secure.gravatar.com\/avatar\/a916e6a7c9b4a50934cf3d0f74f17f252c4b12304166e950ef947c6980ef29ed?s=96&d=mm&r=g","url":"https:\/\/secure.gravatar.com\/avatar\/a916e6a7c9b4a50934cf3d0f74f17f252c4b12304166e950ef947c6980ef29ed?s=96&d=mm&r=g","contentUrl":"https:\/\/secure.gravatar.com\/avatar\/a916e6a7c9b4a50934cf3d0f74f17f252c4b12304166e950ef947c6980ef29ed?s=96&d=mm&r=g","caption":"Magdalena Jaureguiberry"},"url":"https:\/\/caeolavarria.com.ar\/index.php\/author\/mjaureguiberry\/"}]}},"_links":{"self":[{"href":"https:\/\/caeolavarria.com.ar\/index.php\/wp-json\/wp\/v2\/posts\/5967","targetHints":{"allow":["GET"]}}],"collection":[{"href":"https:\/\/caeolavarria.com.ar\/index.php\/wp-json\/wp\/v2\/posts"}],"about":[{"href":"https:\/\/caeolavarria.com.ar\/index.php\/wp-json\/wp\/v2\/types\/post"}],"author":[{"embeddable":true,"href":"https:\/\/caeolavarria.com.ar\/index.php\/wp-json\/wp\/v2\/users\/2"}],"replies":[{"embeddable":true,"href":"https:\/\/caeolavarria.com.ar\/index.php\/wp-json\/wp\/v2\/comments?post=5967"}],"version-history":[{"count":1,"href":"https:\/\/caeolavarria.com.ar\/index.php\/wp-json\/wp\/v2\/posts\/5967\/revisions"}],"predecessor-version":[{"id":5968,"href":"https:\/\/caeolavarria.com.ar\/index.php\/wp-json\/wp\/v2\/posts\/5967\/revisions\/5968"}],"wp:featuredmedia":[{"embeddable":true,"href":"https:\/\/caeolavarria.com.ar\/index.php\/wp-json\/wp\/v2\/media\/5960"}],"wp:attachment":[{"href":"https:\/\/caeolavarria.com.ar\/index.php\/wp-json\/wp\/v2\/media?parent=5967"}],"wp:term":[{"taxonomy":"category","embeddable":true,"href":"https:\/\/caeolavarria.com.ar\/index.php\/wp-json\/wp\/v2\/categories?post=5967"},{"taxonomy":"post_tag","embeddable":true,"href":"https:\/\/caeolavarria.com.ar\/index.php\/wp-json\/wp\/v2\/tags?post=5967"}],"curies":[{"name":"wp","href":"https:\/\/api.w.org\/{rel}","templated":true}]}}