{"id":7930,"date":"2026-03-04T21:53:42","date_gmt":"2026-03-05T00:53:42","guid":{"rendered":"https:\/\/caeolavarria.com.ar\/?p=7930"},"modified":"2026-03-04T21:53:42","modified_gmt":"2026-03-05T00:53:42","slug":"caehockey-estudiantes-dijo-presente-en-la-primera-concentracion-regional-2026-de-hockey","status":"publish","type":"post","link":"https:\/\/caeolavarria.com.ar\/index.php\/2026\/03\/04\/caehockey-estudiantes-dijo-presente-en-la-primera-concentracion-regional-2026-de-hockey\/","title":{"rendered":"#CAEHOCKEY Estudiantes dijo presente en la primera Concentraci\u00f3n Regional 2026 de Hockey"},"content":{"rendered":"<p>El hockey de Estudiantes tuvo una destacada participaci\u00f3n en la primera concentraci\u00f3n del a\u00f1o que se desarroll\u00f3 en Mar del Plata, dando inicio a un 2026 que promete grandes desaf\u00edos para el albinegro.<!--more--><\/p>\n<p>&nbsp;<\/p>\n<p>Ayer martes fue convocada Ignacia Arouxet en la jornada destinada a damas, mientras que el mi\u00e9rcoles participaron Lucio Scaraffioca, Jordi Brown y Tom\u00e1s Pistasoli, representando al Club en una instancia clave dentro del proceso de detecci\u00f3n y desarrollo de talentos.<\/p>\n<p>&nbsp;<\/p>\n<p>La concentraci\u00f3n form\u00f3 parte del Plan Nacional de Detecci\u00f3n y Desarrollo de Talentos impulsado por la Confederaci\u00f3n Argentina de Hockey, e incluy\u00f3 entrenamientos en cancha, testeos f\u00edsicos y t\u00e9cnicos, adem\u00e1s de partidos evaluativos.<\/p>\n<p>&nbsp;<\/p>\n<p>La presencia albinegra en este tipo de convocatorias reafirma el crecimiento sostenido del hockey de Estudiantes y el compromiso permanente del Club con la formaci\u00f3n y proyecci\u00f3n de sus deportistas en el \u00e1mbito regional y nacional.<\/p>\n","protected":false},"excerpt":{"rendered":"<p>El hockey de Estudiantes tuvo una destacada participaci\u00f3n en la  [&#8230;]<\/p>\n","protected":false},"author":3,"featured_media":7931,"comment_status":"open","ping_status":"open","sticky":false,"template":"","format":"standard","meta":{"_acf_changed":false,"_bbp_topic_count":0,"_bbp_reply_count":0,"_bbp_total_topic_count":0,"_bbp_total_reply_count":0,"_bbp_voice_count":0,"_bbp_anonymous_reply_count":0,"_bbp_topic_count_hidden":0,"_bbp_reply_count_hidden":0,"_bbp_forum_subforum_count":0,"content-type":"","footnotes":""},"categories":[72,62],"tags":[],"class_list":["post-7930","post","type-post","status-publish","format-standard","has-post-thumbnail","hentry","category-hockey","category-noticias"],"acf":[],"yoast_head":"<!-- This site is optimized with the Yoast SEO plugin v27.2 - https:\/\/yoast.com\/product\/yoast-seo-wordpress\/ -->\n<title>#CAEHOCKEY Estudiantes dijo presente en la primera Concentraci\u00f3n Regional 2026 de Hockey - Club Atl\u00e9tico Estudiantes de Olavarr\u00eda | Sitio oficial<\/title>\n<meta name=\"robots\" content=\"index, follow, max-snippet:-1, max-image-preview:large, max-video-preview:-1\" \/>\n<link rel=\"canonical\" href=\"https:\/\/caeolavarria.com.ar\/index.php\/2026\/03\/04\/caehockey-estudiantes-dijo-presente-en-la-primera-concentracion-regional-2026-de-hockey\/\" \/>\n<meta property=\"og:locale\" content=\"es_ES\" \/>\n<meta property=\"og:type\" content=\"article\" \/>\n<meta property=\"og:title\" content=\"#CAEHOCKEY Estudiantes dijo presente en la primera Concentraci\u00f3n Regional 2026 de Hockey - Club Atl\u00e9tico Estudiantes de Olavarr\u00eda | Sitio oficial\" \/>\n<meta property=\"og:description\" content=\"El hockey de Estudiantes tuvo una destacada participaci\u00f3n en la [...]\" \/>\n<meta property=\"og:url\" content=\"https:\/\/caeolavarria.com.ar\/index.php\/2026\/03\/04\/caehockey-estudiantes-dijo-presente-en-la-primera-concentracion-regional-2026-de-hockey\/\" \/>\n<meta property=\"og:site_name\" content=\"Club Atl\u00e9tico Estudiantes de Olavarr\u00eda | Sitio oficial\" \/>\n<meta property=\"article:publisher\" content=\"https:\/\/www.facebook.com\/caeolavarria\" \/>\n<meta property=\"article:published_time\" content=\"2026-03-05T00:53:42+00:00\" \/>\n<meta property=\"og:image\" content=\"https:\/\/caeolavarria.com.ar\/wp-content\/uploads\/2026\/03\/Hockey-1.jpg\" \/>\n\t<meta property=\"og:image:width\" content=\"2500\" \/>\n\t<meta property=\"og:image:height\" content=\"1500\" \/>\n\t<meta property=\"og:image:type\" content=\"image\/jpeg\" \/>\n<meta name=\"author\" content=\"Tom\u00e1s Cachero\" \/>\n<meta name=\"twitter:card\" content=\"summary_large_image\" \/>\n<meta name=\"twitter:creator\" content=\"@CAEOlavarria\" \/>\n<meta name=\"twitter:site\" content=\"@CAEOlavarria\" \/>\n<meta name=\"twitter:label1\" content=\"Escrito por\" \/>\n\t<meta name=\"twitter:data1\" content=\"Tom\u00e1s Cachero\" \/>\n\t<meta name=\"twitter:label2\" content=\"Tiempo de lectura\" \/>\n\t<meta name=\"twitter:data2\" content=\"1 minuto\" \/>\n<script type=\"application\/ld+json\" class=\"yoast-schema-graph\">{\"@context\":\"https:\/\/schema.org\",\"@graph\":[{\"@type\":\"Article\",\"@id\":\"https:\/\/caeolavarria.com.ar\/index.php\/2026\/03\/04\/caehockey-estudiantes-dijo-presente-en-la-primera-concentracion-regional-2026-de-hockey\/#article\",\"isPartOf\":{\"@id\":\"https:\/\/caeolavarria.com.ar\/index.php\/2026\/03\/04\/caehockey-estudiantes-dijo-presente-en-la-primera-concentracion-regional-2026-de-hockey\/\"},\"author\":{\"name\":\"Tom\u00e1s Cachero\",\"@id\":\"https:\/\/caeolavarria.com.ar\/#\/schema\/person\/b4f77f23a19fd9ceb50f457eb045d225\"},\"headline\":\"#CAEHOCKEY Estudiantes dijo presente en la primera Concentraci\u00f3n Regional 2026 de Hockey\",\"datePublished\":\"2026-03-05T00:53:42+00:00\",\"mainEntityOfPage\":{\"@id\":\"https:\/\/caeolavarria.com.ar\/index.php\/2026\/03\/04\/caehockey-estudiantes-dijo-presente-en-la-primera-concentracion-regional-2026-de-hockey\/\"},\"wordCount\":171,\"commentCount\":0,\"publisher\":{\"@id\":\"https:\/\/caeolavarria.com.ar\/#organization\"},\"image\":{\"@id\":\"https:\/\/caeolavarria.com.ar\/index.php\/2026\/03\/04\/caehockey-estudiantes-dijo-presente-en-la-primera-concentracion-regional-2026-de-hockey\/#primaryimage\"},\"thumbnailUrl\":\"https:\/\/caeolavarria.com.ar\/wp-content\/uploads\/2026\/03\/Hockey-1.jpg\",\"articleSection\":[\"Hockey\",\"Noticias\"],\"inLanguage\":\"es-AR\",\"potentialAction\":[{\"@type\":\"CommentAction\",\"name\":\"Comment\",\"target\":[\"https:\/\/caeolavarria.com.ar\/index.php\/2026\/03\/04\/caehockey-estudiantes-dijo-presente-en-la-primera-concentracion-regional-2026-de-hockey\/#respond\"]}]},{\"@type\":\"WebPage\",\"@id\":\"https:\/\/caeolavarria.com.ar\/index.php\/2026\/03\/04\/caehockey-estudiantes-dijo-presente-en-la-primera-concentracion-regional-2026-de-hockey\/\",\"url\":\"https:\/\/caeolavarria.com.ar\/index.php\/2026\/03\/04\/caehockey-estudiantes-dijo-presente-en-la-primera-concentracion-regional-2026-de-hockey\/\",\"name\":\"#CAEHOCKEY Estudiantes dijo presente en la primera Concentraci\u00f3n Regional 2026 de Hockey - Club Atl\u00e9tico Estudiantes de Olavarr\u00eda | Sitio oficial\",\"isPartOf\":{\"@id\":\"https:\/\/caeolavarria.com.ar\/#website\"},\"primaryImageOfPage\":{\"@id\":\"https:\/\/caeolavarria.com.ar\/index.php\/2026\/03\/04\/caehockey-estudiantes-dijo-presente-en-la-primera-concentracion-regional-2026-de-hockey\/#primaryimage\"},\"image\":{\"@id\":\"https:\/\/caeolavarria.com.ar\/index.php\/2026\/03\/04\/caehockey-estudiantes-dijo-presente-en-la-primera-concentracion-regional-2026-de-hockey\/#primaryimage\"},\"thumbnailUrl\":\"https:\/\/caeolavarria.com.ar\/wp-content\/uploads\/2026\/03\/Hockey-1.jpg\",\"datePublished\":\"2026-03-05T00:53:42+00:00\",\"breadcrumb\":{\"@id\":\"https:\/\/caeolavarria.com.ar\/index.php\/2026\/03\/04\/caehockey-estudiantes-dijo-presente-en-la-primera-concentracion-regional-2026-de-hockey\/#breadcrumb\"},\"inLanguage\":\"es-AR\",\"potentialAction\":[{\"@type\":\"ReadAction\",\"target\":[\"https:\/\/caeolavarria.com.ar\/index.php\/2026\/03\/04\/caehockey-estudiantes-dijo-presente-en-la-primera-concentracion-regional-2026-de-hockey\/\"]}]},{\"@type\":\"ImageObject\",\"inLanguage\":\"es-AR\",\"@id\":\"https:\/\/caeolavarria.com.ar\/index.php\/2026\/03\/04\/caehockey-estudiantes-dijo-presente-en-la-primera-concentracion-regional-2026-de-hockey\/#primaryimage\",\"url\":\"https:\/\/caeolavarria.com.ar\/wp-content\/uploads\/2026\/03\/Hockey-1.jpg\",\"contentUrl\":\"https:\/\/caeolavarria.com.ar\/wp-content\/uploads\/2026\/03\/Hockey-1.jpg\",\"width\":2500,\"height\":1500},{\"@type\":\"BreadcrumbList\",\"@id\":\"https:\/\/caeolavarria.com.ar\/index.php\/2026\/03\/04\/caehockey-estudiantes-dijo-presente-en-la-primera-concentracion-regional-2026-de-hockey\/#breadcrumb\",\"itemListElement\":[{\"@type\":\"ListItem\",\"position\":1,\"name\":\"Inicio\",\"item\":\"https:\/\/caeolavarria.com.ar\/\"},{\"@type\":\"ListItem\",\"position\":2,\"name\":\"#CAEHOCKEY Estudiantes dijo presente en la primera Concentraci\u00f3n Regional 2026 de Hockey\"}]},{\"@type\":\"WebSite\",\"@id\":\"https:\/\/caeolavarria.com.ar\/#website\",\"url\":\"https:\/\/caeolavarria.com.ar\/\",\"name\":\"Club Atl\u00e9tico Estudiantes de Olavarr\u00eda | Sitio oficial\",\"description\":\"\",\"publisher\":{\"@id\":\"https:\/\/caeolavarria.com.ar\/#organization\"},\"potentialAction\":[{\"@type\":\"SearchAction\",\"target\":{\"@type\":\"EntryPoint\",\"urlTemplate\":\"https:\/\/caeolavarria.com.ar\/?s={search_term_string}\"},\"query-input\":{\"@type\":\"PropertyValueSpecification\",\"valueRequired\":true,\"valueName\":\"search_term_string\"}}],\"inLanguage\":\"es-AR\"},{\"@type\":\"Organization\",\"@id\":\"https:\/\/caeolavarria.com.ar\/#organization\",\"name\":\"Club Atl\u00e9tico Estudiantes de Olavarr\u00eda\",\"url\":\"https:\/\/caeolavarria.com.ar\/\",\"logo\":{\"@type\":\"ImageObject\",\"inLanguage\":\"es-AR\",\"@id\":\"https:\/\/caeolavarria.com.ar\/#\/schema\/logo\/image\/\",\"url\":\"https:\/\/caeolavarria.com.ar\/wp-content\/uploads\/2025\/03\/logo-banco_Mesa-de-trabajo-1.png\",\"contentUrl\":\"https:\/\/caeolavarria.com.ar\/wp-content\/uploads\/2025\/03\/logo-banco_Mesa-de-trabajo-1.png\",\"width\":1355,\"height\":1355,\"caption\":\"Club Atl\u00e9tico Estudiantes de Olavarr\u00eda\"},\"image\":{\"@id\":\"https:\/\/caeolavarria.com.ar\/#\/schema\/logo\/image\/\"},\"sameAs\":[\"https:\/\/www.facebook.com\/caeolavarria\",\"https:\/\/x.com\/CAEOlavarria\",\"https:\/\/www.instagram.com\/estudiantesolavarria\/\"]},{\"@type\":\"Person\",\"@id\":\"https:\/\/caeolavarria.com.ar\/#\/schema\/person\/b4f77f23a19fd9ceb50f457eb045d225\",\"name\":\"Tom\u00e1s Cachero\",\"image\":{\"@type\":\"ImageObject\",\"inLanguage\":\"es-AR\",\"@id\":\"https:\/\/secure.gravatar.com\/avatar\/1c018d6d2f8a0ca9fd9a94335020132e2679e65ae849bfe0bf59d9af535750e9?s=96&d=mm&r=g\",\"url\":\"https:\/\/secure.gravatar.com\/avatar\/1c018d6d2f8a0ca9fd9a94335020132e2679e65ae849bfe0bf59d9af535750e9?s=96&d=mm&r=g\",\"contentUrl\":\"https:\/\/secure.gravatar.com\/avatar\/1c018d6d2f8a0ca9fd9a94335020132e2679e65ae849bfe0bf59d9af535750e9?s=96&d=mm&r=g\",\"caption\":\"Tom\u00e1s Cachero\"},\"url\":\"https:\/\/caeolavarria.com.ar\/index.php\/author\/tcachero\/\"}]}<\/script>\n<!-- \/ Yoast SEO plugin. -->","yoast_head_json":{"title":"#CAEHOCKEY Estudiantes dijo presente en la primera Concentraci\u00f3n Regional 2026 de Hockey - Club Atl\u00e9tico Estudiantes de Olavarr\u00eda | Sitio oficial","robots":{"index":"index","follow":"follow","max-snippet":"max-snippet:-1","max-image-preview":"max-image-preview:large","max-video-preview":"max-video-preview:-1"},"canonical":"https:\/\/caeolavarria.com.ar\/index.php\/2026\/03\/04\/caehockey-estudiantes-dijo-presente-en-la-primera-concentracion-regional-2026-de-hockey\/","og_locale":"es_ES","og_type":"article","og_title":"#CAEHOCKEY Estudiantes dijo presente en la primera Concentraci\u00f3n Regional 2026 de Hockey - Club Atl\u00e9tico Estudiantes de Olavarr\u00eda | Sitio oficial","og_description":"El hockey de Estudiantes tuvo una destacada participaci\u00f3n en la [...]","og_url":"https:\/\/caeolavarria.com.ar\/index.php\/2026\/03\/04\/caehockey-estudiantes-dijo-presente-en-la-primera-concentracion-regional-2026-de-hockey\/","og_site_name":"Club Atl\u00e9tico Estudiantes de Olavarr\u00eda | Sitio oficial","article_publisher":"https:\/\/www.facebook.com\/caeolavarria","article_published_time":"2026-03-05T00:53:42+00:00","og_image":[{"width":2500,"height":1500,"url":"https:\/\/caeolavarria.com.ar\/wp-content\/uploads\/2026\/03\/Hockey-1.jpg","type":"image\/jpeg"}],"author":"Tom\u00e1s Cachero","twitter_card":"summary_large_image","twitter_creator":"@CAEOlavarria","twitter_site":"@CAEOlavarria","twitter_misc":{"Escrito por":"Tom\u00e1s Cachero","Tiempo de lectura":"1 minuto"},"schema":{"@context":"https:\/\/schema.org","@graph":[{"@type":"Article","@id":"https:\/\/caeolavarria.com.ar\/index.php\/2026\/03\/04\/caehockey-estudiantes-dijo-presente-en-la-primera-concentracion-regional-2026-de-hockey\/#article","isPartOf":{"@id":"https:\/\/caeolavarria.com.ar\/index.php\/2026\/03\/04\/caehockey-estudiantes-dijo-presente-en-la-primera-concentracion-regional-2026-de-hockey\/"},"author":{"name":"Tom\u00e1s Cachero","@id":"https:\/\/caeolavarria.com.ar\/#\/schema\/person\/b4f77f23a19fd9ceb50f457eb045d225"},"headline":"#CAEHOCKEY Estudiantes dijo presente en la primera Concentraci\u00f3n Regional 2026 de Hockey","datePublished":"2026-03-05T00:53:42+00:00","mainEntityOfPage":{"@id":"https:\/\/caeolavarria.com.ar\/index.php\/2026\/03\/04\/caehockey-estudiantes-dijo-presente-en-la-primera-concentracion-regional-2026-de-hockey\/"},"wordCount":171,"commentCount":0,"publisher":{"@id":"https:\/\/caeolavarria.com.ar\/#organization"},"image":{"@id":"https:\/\/caeolavarria.com.ar\/index.php\/2026\/03\/04\/caehockey-estudiantes-dijo-presente-en-la-primera-concentracion-regional-2026-de-hockey\/#primaryimage"},"thumbnailUrl":"https:\/\/caeolavarria.com.ar\/wp-content\/uploads\/2026\/03\/Hockey-1.jpg","articleSection":["Hockey","Noticias"],"inLanguage":"es-AR","potentialAction":[{"@type":"CommentAction","name":"Comment","target":["https:\/\/caeolavarria.com.ar\/index.php\/2026\/03\/04\/caehockey-estudiantes-dijo-presente-en-la-primera-concentracion-regional-2026-de-hockey\/#respond"]}]},{"@type":"WebPage","@id":"https:\/\/caeolavarria.com.ar\/index.php\/2026\/03\/04\/caehockey-estudiantes-dijo-presente-en-la-primera-concentracion-regional-2026-de-hockey\/","url":"https:\/\/caeolavarria.com.ar\/index.php\/2026\/03\/04\/caehockey-estudiantes-dijo-presente-en-la-primera-concentracion-regional-2026-de-hockey\/","name":"#CAEHOCKEY Estudiantes dijo presente en la primera Concentraci\u00f3n Regional 2026 de Hockey - Club Atl\u00e9tico Estudiantes de Olavarr\u00eda | Sitio oficial","isPartOf":{"@id":"https:\/\/caeolavarria.com.ar\/#website"},"primaryImageOfPage":{"@id":"https:\/\/caeolavarria.com.ar\/index.php\/2026\/03\/04\/caehockey-estudiantes-dijo-presente-en-la-primera-concentracion-regional-2026-de-hockey\/#primaryimage"},"image":{"@id":"https:\/\/caeolavarria.com.ar\/index.php\/2026\/03\/04\/caehockey-estudiantes-dijo-presente-en-la-primera-concentracion-regional-2026-de-hockey\/#primaryimage"},"thumbnailUrl":"https:\/\/caeolavarria.com.ar\/wp-content\/uploads\/2026\/03\/Hockey-1.jpg","datePublished":"2026-03-05T00:53:42+00:00","breadcrumb":{"@id":"https:\/\/caeolavarria.com.ar\/index.php\/2026\/03\/04\/caehockey-estudiantes-dijo-presente-en-la-primera-concentracion-regional-2026-de-hockey\/#breadcrumb"},"inLanguage":"es-AR","potentialAction":[{"@type":"ReadAction","target":["https:\/\/caeolavarria.com.ar\/index.php\/2026\/03\/04\/caehockey-estudiantes-dijo-presente-en-la-primera-concentracion-regional-2026-de-hockey\/"]}]},{"@type":"ImageObject","inLanguage":"es-AR","@id":"https:\/\/caeolavarria.com.ar\/index.php\/2026\/03\/04\/caehockey-estudiantes-dijo-presente-en-la-primera-concentracion-regional-2026-de-hockey\/#primaryimage","url":"https:\/\/caeolavarria.com.ar\/wp-content\/uploads\/2026\/03\/Hockey-1.jpg","contentUrl":"https:\/\/caeolavarria.com.ar\/wp-content\/uploads\/2026\/03\/Hockey-1.jpg","width":2500,"height":1500},{"@type":"BreadcrumbList","@id":"https:\/\/caeolavarria.com.ar\/index.php\/2026\/03\/04\/caehockey-estudiantes-dijo-presente-en-la-primera-concentracion-regional-2026-de-hockey\/#breadcrumb","itemListElement":[{"@type":"ListItem","position":1,"name":"Inicio","item":"https:\/\/caeolavarria.com.ar\/"},{"@type":"ListItem","position":2,"name":"#CAEHOCKEY Estudiantes dijo presente en la primera Concentraci\u00f3n Regional 2026 de Hockey"}]},{"@type":"WebSite","@id":"https:\/\/caeolavarria.com.ar\/#website","url":"https:\/\/caeolavarria.com.ar\/","name":"Club Atl\u00e9tico Estudiantes de Olavarr\u00eda | Sitio oficial","description":"","publisher":{"@id":"https:\/\/caeolavarria.com.ar\/#organization"},"potentialAction":[{"@type":"SearchAction","target":{"@type":"EntryPoint","urlTemplate":"https:\/\/caeolavarria.com.ar\/?s={search_term_string}"},"query-input":{"@type":"PropertyValueSpecification","valueRequired":true,"valueName":"search_term_string"}}],"inLanguage":"es-AR"},{"@type":"Organization","@id":"https:\/\/caeolavarria.com.ar\/#organization","name":"Club Atl\u00e9tico Estudiantes de Olavarr\u00eda","url":"https:\/\/caeolavarria.com.ar\/","logo":{"@type":"ImageObject","inLanguage":"es-AR","@id":"https:\/\/caeolavarria.com.ar\/#\/schema\/logo\/image\/","url":"https:\/\/caeolavarria.com.ar\/wp-content\/uploads\/2025\/03\/logo-banco_Mesa-de-trabajo-1.png","contentUrl":"https:\/\/caeolavarria.com.ar\/wp-content\/uploads\/2025\/03\/logo-banco_Mesa-de-trabajo-1.png","width":1355,"height":1355,"caption":"Club Atl\u00e9tico Estudiantes de Olavarr\u00eda"},"image":{"@id":"https:\/\/caeolavarria.com.ar\/#\/schema\/logo\/image\/"},"sameAs":["https:\/\/www.facebook.com\/caeolavarria","https:\/\/x.com\/CAEOlavarria","https:\/\/www.instagram.com\/estudiantesolavarria\/"]},{"@type":"Person","@id":"https:\/\/caeolavarria.com.ar\/#\/schema\/person\/b4f77f23a19fd9ceb50f457eb045d225","name":"Tom\u00e1s Cachero","image":{"@type":"ImageObject","inLanguage":"es-AR","@id":"https:\/\/secure.gravatar.com\/avatar\/1c018d6d2f8a0ca9fd9a94335020132e2679e65ae849bfe0bf59d9af535750e9?s=96&d=mm&r=g","url":"https:\/\/secure.gravatar.com\/avatar\/1c018d6d2f8a0ca9fd9a94335020132e2679e65ae849bfe0bf59d9af535750e9?s=96&d=mm&r=g","contentUrl":"https:\/\/secure.gravatar.com\/avatar\/1c018d6d2f8a0ca9fd9a94335020132e2679e65ae849bfe0bf59d9af535750e9?s=96&d=mm&r=g","caption":"Tom\u00e1s Cachero"},"url":"https:\/\/caeolavarria.com.ar\/index.php\/author\/tcachero\/"}]}},"_links":{"self":[{"href":"https:\/\/caeolavarria.com.ar\/index.php\/wp-json\/wp\/v2\/posts\/7930","targetHints":{"allow":["GET"]}}],"collection":[{"href":"https:\/\/caeolavarria.com.ar\/index.php\/wp-json\/wp\/v2\/posts"}],"about":[{"href":"https:\/\/caeolavarria.com.ar\/index.php\/wp-json\/wp\/v2\/types\/post"}],"author":[{"embeddable":true,"href":"https:\/\/caeolavarria.com.ar\/index.php\/wp-json\/wp\/v2\/users\/3"}],"replies":[{"embeddable":true,"href":"https:\/\/caeolavarria.com.ar\/index.php\/wp-json\/wp\/v2\/comments?post=7930"}],"version-history":[{"count":1,"href":"https:\/\/caeolavarria.com.ar\/index.php\/wp-json\/wp\/v2\/posts\/7930\/revisions"}],"predecessor-version":[{"id":7932,"href":"https:\/\/caeolavarria.com.ar\/index.php\/wp-json\/wp\/v2\/posts\/7930\/revisions\/7932"}],"wp:featuredmedia":[{"embeddable":true,"href":"https:\/\/caeolavarria.com.ar\/index.php\/wp-json\/wp\/v2\/media\/7931"}],"wp:attachment":[{"href":"https:\/\/caeolavarria.com.ar\/index.php\/wp-json\/wp\/v2\/media?parent=7930"}],"wp:term":[{"taxonomy":"category","embeddable":true,"href":"https:\/\/caeolavarria.com.ar\/index.php\/wp-json\/wp\/v2\/categories?post=7930"},{"taxonomy":"post_tag","embeddable":true,"href":"https:\/\/caeolavarria.com.ar\/index.php\/wp-json\/wp\/v2\/tags?post=7930"}],"curies":[{"name":"wp","href":"https:\/\/api.w.org\/{rel}","templated":true}]}}