{"id":7997,"date":"2026-03-14T20:16:04","date_gmt":"2026-03-14T23:16:04","guid":{"rendered":"https:\/\/caeolavarria.com.ar\/?p=7997"},"modified":"2026-03-14T20:16:04","modified_gmt":"2026-03-14T23:16:04","slug":"caefutbol-inferiores-lfo-estudiantes-debuto-en-el-apertura-ante-el-fortin","status":"publish","type":"post","link":"https:\/\/caeolavarria.com.ar\/index.php\/2026\/03\/14\/caefutbol-inferiores-lfo-estudiantes-debuto-en-el-apertura-ante-el-fortin\/","title":{"rendered":"#CAEFUTBOL Inferiores LFO: Estudiantes debut\u00f3 en el Apertura ante El Fort\u00edn"},"content":{"rendered":"<p>Comenz\u00f3 este s\u00e1bado la actividad para las Inferiores de la Liga de F\u00fatbol de Olavarr\u00eda, con el Torneo Apertura \u201cMario Buceta\u201d quien estuvo en el Parque Guerrero, previo a la jornada para hacer el puntapi\u00e9 inicial de la competencia en un momento emotivo. Posteriormente, fue el comienzo de los partidos que se dividieron entre la cancha albinegra y la de El Fort\u00edn, siendo Estudiantes local con las Categor\u00edas m\u00e1s chicas.<!--more--><\/p>\n<p><strong>Resultados finales:<\/strong><\/p>\n<p><strong>D\u00e9cima:<\/strong><\/p>\n<p>CAE 1 \u2013 3 El Fort\u00edn<\/p>\n<p>Gol de Valentino Villanueva<\/p>\n<p>&nbsp;<\/p>\n<p><strong>Novena:<\/strong><\/p>\n<p>CAE 2 \u2013 4 El Fort\u00edn<\/p>\n<p>Goles de Salvador Casiraghi y Thiago Silva<\/p>\n<p>&nbsp;<\/p>\n<p><strong>Octava:<\/strong><\/p>\n<p>CAE 1 \u2013 3 El Fort\u00edn<\/p>\n<p>Gol de Francisco Arroquy<\/p>\n<p>&nbsp;<\/p>\n<p><strong>S\u00e9ptima:<\/strong><\/p>\n<p>CAE 1 \u2013 2 El Fort\u00edn<\/p>\n<p>Gol de Ger\u00f3nimo Ferrero<\/p>\n<p>&nbsp;<\/p>\n<p><strong>Sexta:<\/strong><\/p>\n<p>CAE 0 \u2013 1 El Fort\u00edn<\/p>\n<p>&nbsp;<\/p>\n<p><strong>Quinta:<\/strong><\/p>\n<p>CAE 1 \u2013 0 El Fort\u00edn<\/p>\n<p>Gol de Balthazar Pad\u00edn<\/p>\n<p>&nbsp;<\/p>\n<p>Se viene un a\u00f1o con muchos desaf\u00edos para nuestros chicos!<\/p>\n","protected":false},"excerpt":{"rendered":"<p>Comenz\u00f3 este s\u00e1bado la actividad para las Inferiores de la  [&#8230;]<\/p>\n","protected":false},"author":3,"featured_media":7998,"comment_status":"open","ping_status":"open","sticky":false,"template":"","format":"standard","meta":{"_acf_changed":false,"_bbp_topic_count":0,"_bbp_reply_count":0,"_bbp_total_topic_count":0,"_bbp_total_reply_count":0,"_bbp_voice_count":0,"_bbp_anonymous_reply_count":0,"_bbp_topic_count_hidden":0,"_bbp_reply_count_hidden":0,"_bbp_forum_subforum_count":0,"content-type":"","footnotes":""},"categories":[63,62],"tags":[],"class_list":["post-7997","post","type-post","status-publish","format-standard","has-post-thumbnail","hentry","category-futbol","category-noticias"],"acf":[],"yoast_head":"<!-- This site is optimized with the Yoast SEO plugin v27.2 - https:\/\/yoast.com\/product\/yoast-seo-wordpress\/ -->\n<title>#CAEFUTBOL Inferiores LFO: Estudiantes debut\u00f3 en el Apertura ante El Fort\u00edn - Club Atl\u00e9tico Estudiantes de Olavarr\u00eda | Sitio oficial<\/title>\n<meta name=\"robots\" content=\"index, follow, max-snippet:-1, max-image-preview:large, max-video-preview:-1\" \/>\n<link rel=\"canonical\" href=\"https:\/\/caeolavarria.com.ar\/index.php\/2026\/03\/14\/caefutbol-inferiores-lfo-estudiantes-debuto-en-el-apertura-ante-el-fortin\/\" \/>\n<meta property=\"og:locale\" content=\"es_ES\" \/>\n<meta property=\"og:type\" content=\"article\" \/>\n<meta property=\"og:title\" content=\"#CAEFUTBOL Inferiores LFO: Estudiantes debut\u00f3 en el Apertura ante El Fort\u00edn - Club Atl\u00e9tico Estudiantes de Olavarr\u00eda | Sitio oficial\" \/>\n<meta property=\"og:description\" content=\"Comenz\u00f3 este s\u00e1bado la actividad para las Inferiores de la [...]\" \/>\n<meta property=\"og:url\" content=\"https:\/\/caeolavarria.com.ar\/index.php\/2026\/03\/14\/caefutbol-inferiores-lfo-estudiantes-debuto-en-el-apertura-ante-el-fortin\/\" \/>\n<meta property=\"og:site_name\" content=\"Club Atl\u00e9tico Estudiantes de Olavarr\u00eda | Sitio oficial\" \/>\n<meta property=\"article:publisher\" content=\"https:\/\/www.facebook.com\/caeolavarria\" \/>\n<meta property=\"article:published_time\" content=\"2026-03-14T23:16:04+00:00\" \/>\n<meta property=\"og:image\" content=\"https:\/\/caeolavarria.com.ar\/wp-content\/uploads\/2026\/03\/Futbol-1.jpg\" \/>\n\t<meta property=\"og:image:width\" content=\"2500\" \/>\n\t<meta property=\"og:image:height\" content=\"1500\" \/>\n\t<meta property=\"og:image:type\" content=\"image\/jpeg\" \/>\n<meta name=\"author\" content=\"Tom\u00e1s Cachero\" \/>\n<meta name=\"twitter:card\" content=\"summary_large_image\" \/>\n<meta name=\"twitter:creator\" content=\"@CAEOlavarria\" \/>\n<meta name=\"twitter:site\" content=\"@CAEOlavarria\" \/>\n<meta name=\"twitter:label1\" content=\"Escrito por\" \/>\n\t<meta name=\"twitter:data1\" content=\"Tom\u00e1s Cachero\" \/>\n\t<meta name=\"twitter:label2\" content=\"Tiempo de lectura\" \/>\n\t<meta name=\"twitter:data2\" content=\"1 minuto\" \/>\n<script type=\"application\/ld+json\" class=\"yoast-schema-graph\">{\"@context\":\"https:\/\/schema.org\",\"@graph\":[{\"@type\":\"Article\",\"@id\":\"https:\/\/caeolavarria.com.ar\/index.php\/2026\/03\/14\/caefutbol-inferiores-lfo-estudiantes-debuto-en-el-apertura-ante-el-fortin\/#article\",\"isPartOf\":{\"@id\":\"https:\/\/caeolavarria.com.ar\/index.php\/2026\/03\/14\/caefutbol-inferiores-lfo-estudiantes-debuto-en-el-apertura-ante-el-fortin\/\"},\"author\":{\"name\":\"Tom\u00e1s Cachero\",\"@id\":\"https:\/\/caeolavarria.com.ar\/#\/schema\/person\/b4f77f23a19fd9ceb50f457eb045d225\"},\"headline\":\"#CAEFUTBOL Inferiores LFO: Estudiantes debut\u00f3 en el Apertura ante El Fort\u00edn\",\"datePublished\":\"2026-03-14T23:16:04+00:00\",\"mainEntityOfPage\":{\"@id\":\"https:\/\/caeolavarria.com.ar\/index.php\/2026\/03\/14\/caefutbol-inferiores-lfo-estudiantes-debuto-en-el-apertura-ante-el-fortin\/\"},\"wordCount\":165,\"commentCount\":0,\"publisher\":{\"@id\":\"https:\/\/caeolavarria.com.ar\/#organization\"},\"image\":{\"@id\":\"https:\/\/caeolavarria.com.ar\/index.php\/2026\/03\/14\/caefutbol-inferiores-lfo-estudiantes-debuto-en-el-apertura-ante-el-fortin\/#primaryimage\"},\"thumbnailUrl\":\"https:\/\/caeolavarria.com.ar\/wp-content\/uploads\/2026\/03\/Futbol-1.jpg\",\"articleSection\":[\"F\u00fatbol\",\"Noticias\"],\"inLanguage\":\"es-AR\",\"potentialAction\":[{\"@type\":\"CommentAction\",\"name\":\"Comment\",\"target\":[\"https:\/\/caeolavarria.com.ar\/index.php\/2026\/03\/14\/caefutbol-inferiores-lfo-estudiantes-debuto-en-el-apertura-ante-el-fortin\/#respond\"]}]},{\"@type\":\"WebPage\",\"@id\":\"https:\/\/caeolavarria.com.ar\/index.php\/2026\/03\/14\/caefutbol-inferiores-lfo-estudiantes-debuto-en-el-apertura-ante-el-fortin\/\",\"url\":\"https:\/\/caeolavarria.com.ar\/index.php\/2026\/03\/14\/caefutbol-inferiores-lfo-estudiantes-debuto-en-el-apertura-ante-el-fortin\/\",\"name\":\"#CAEFUTBOL Inferiores LFO: Estudiantes debut\u00f3 en el Apertura ante El Fort\u00edn - Club Atl\u00e9tico Estudiantes de Olavarr\u00eda | Sitio oficial\",\"isPartOf\":{\"@id\":\"https:\/\/caeolavarria.com.ar\/#website\"},\"primaryImageOfPage\":{\"@id\":\"https:\/\/caeolavarria.com.ar\/index.php\/2026\/03\/14\/caefutbol-inferiores-lfo-estudiantes-debuto-en-el-apertura-ante-el-fortin\/#primaryimage\"},\"image\":{\"@id\":\"https:\/\/caeolavarria.com.ar\/index.php\/2026\/03\/14\/caefutbol-inferiores-lfo-estudiantes-debuto-en-el-apertura-ante-el-fortin\/#primaryimage\"},\"thumbnailUrl\":\"https:\/\/caeolavarria.com.ar\/wp-content\/uploads\/2026\/03\/Futbol-1.jpg\",\"datePublished\":\"2026-03-14T23:16:04+00:00\",\"breadcrumb\":{\"@id\":\"https:\/\/caeolavarria.com.ar\/index.php\/2026\/03\/14\/caefutbol-inferiores-lfo-estudiantes-debuto-en-el-apertura-ante-el-fortin\/#breadcrumb\"},\"inLanguage\":\"es-AR\",\"potentialAction\":[{\"@type\":\"ReadAction\",\"target\":[\"https:\/\/caeolavarria.com.ar\/index.php\/2026\/03\/14\/caefutbol-inferiores-lfo-estudiantes-debuto-en-el-apertura-ante-el-fortin\/\"]}]},{\"@type\":\"ImageObject\",\"inLanguage\":\"es-AR\",\"@id\":\"https:\/\/caeolavarria.com.ar\/index.php\/2026\/03\/14\/caefutbol-inferiores-lfo-estudiantes-debuto-en-el-apertura-ante-el-fortin\/#primaryimage\",\"url\":\"https:\/\/caeolavarria.com.ar\/wp-content\/uploads\/2026\/03\/Futbol-1.jpg\",\"contentUrl\":\"https:\/\/caeolavarria.com.ar\/wp-content\/uploads\/2026\/03\/Futbol-1.jpg\",\"width\":2500,\"height\":1500},{\"@type\":\"BreadcrumbList\",\"@id\":\"https:\/\/caeolavarria.com.ar\/index.php\/2026\/03\/14\/caefutbol-inferiores-lfo-estudiantes-debuto-en-el-apertura-ante-el-fortin\/#breadcrumb\",\"itemListElement\":[{\"@type\":\"ListItem\",\"position\":1,\"name\":\"Inicio\",\"item\":\"https:\/\/caeolavarria.com.ar\/\"},{\"@type\":\"ListItem\",\"position\":2,\"name\":\"#CAEFUTBOL Inferiores LFO: Estudiantes debut\u00f3 en el Apertura ante El Fort\u00edn\"}]},{\"@type\":\"WebSite\",\"@id\":\"https:\/\/caeolavarria.com.ar\/#website\",\"url\":\"https:\/\/caeolavarria.com.ar\/\",\"name\":\"Club Atl\u00e9tico Estudiantes de Olavarr\u00eda | Sitio oficial\",\"description\":\"\",\"publisher\":{\"@id\":\"https:\/\/caeolavarria.com.ar\/#organization\"},\"potentialAction\":[{\"@type\":\"SearchAction\",\"target\":{\"@type\":\"EntryPoint\",\"urlTemplate\":\"https:\/\/caeolavarria.com.ar\/?s={search_term_string}\"},\"query-input\":{\"@type\":\"PropertyValueSpecification\",\"valueRequired\":true,\"valueName\":\"search_term_string\"}}],\"inLanguage\":\"es-AR\"},{\"@type\":\"Organization\",\"@id\":\"https:\/\/caeolavarria.com.ar\/#organization\",\"name\":\"Club Atl\u00e9tico Estudiantes de Olavarr\u00eda\",\"url\":\"https:\/\/caeolavarria.com.ar\/\",\"logo\":{\"@type\":\"ImageObject\",\"inLanguage\":\"es-AR\",\"@id\":\"https:\/\/caeolavarria.com.ar\/#\/schema\/logo\/image\/\",\"url\":\"https:\/\/caeolavarria.com.ar\/wp-content\/uploads\/2025\/03\/logo-banco_Mesa-de-trabajo-1.png\",\"contentUrl\":\"https:\/\/caeolavarria.com.ar\/wp-content\/uploads\/2025\/03\/logo-banco_Mesa-de-trabajo-1.png\",\"width\":1355,\"height\":1355,\"caption\":\"Club Atl\u00e9tico Estudiantes de Olavarr\u00eda\"},\"image\":{\"@id\":\"https:\/\/caeolavarria.com.ar\/#\/schema\/logo\/image\/\"},\"sameAs\":[\"https:\/\/www.facebook.com\/caeolavarria\",\"https:\/\/x.com\/CAEOlavarria\",\"https:\/\/www.instagram.com\/estudiantesolavarria\/\"]},{\"@type\":\"Person\",\"@id\":\"https:\/\/caeolavarria.com.ar\/#\/schema\/person\/b4f77f23a19fd9ceb50f457eb045d225\",\"name\":\"Tom\u00e1s Cachero\",\"image\":{\"@type\":\"ImageObject\",\"inLanguage\":\"es-AR\",\"@id\":\"https:\/\/secure.gravatar.com\/avatar\/1c018d6d2f8a0ca9fd9a94335020132e2679e65ae849bfe0bf59d9af535750e9?s=96&d=mm&r=g\",\"url\":\"https:\/\/secure.gravatar.com\/avatar\/1c018d6d2f8a0ca9fd9a94335020132e2679e65ae849bfe0bf59d9af535750e9?s=96&d=mm&r=g\",\"contentUrl\":\"https:\/\/secure.gravatar.com\/avatar\/1c018d6d2f8a0ca9fd9a94335020132e2679e65ae849bfe0bf59d9af535750e9?s=96&d=mm&r=g\",\"caption\":\"Tom\u00e1s Cachero\"},\"url\":\"https:\/\/caeolavarria.com.ar\/index.php\/author\/tcachero\/\"}]}<\/script>\n<!-- \/ Yoast SEO plugin. -->","yoast_head_json":{"title":"#CAEFUTBOL Inferiores LFO: Estudiantes debut\u00f3 en el Apertura ante El Fort\u00edn - Club Atl\u00e9tico Estudiantes de Olavarr\u00eda | Sitio oficial","robots":{"index":"index","follow":"follow","max-snippet":"max-snippet:-1","max-image-preview":"max-image-preview:large","max-video-preview":"max-video-preview:-1"},"canonical":"https:\/\/caeolavarria.com.ar\/index.php\/2026\/03\/14\/caefutbol-inferiores-lfo-estudiantes-debuto-en-el-apertura-ante-el-fortin\/","og_locale":"es_ES","og_type":"article","og_title":"#CAEFUTBOL Inferiores LFO: Estudiantes debut\u00f3 en el Apertura ante El Fort\u00edn - Club Atl\u00e9tico Estudiantes de Olavarr\u00eda | Sitio oficial","og_description":"Comenz\u00f3 este s\u00e1bado la actividad para las Inferiores de la [...]","og_url":"https:\/\/caeolavarria.com.ar\/index.php\/2026\/03\/14\/caefutbol-inferiores-lfo-estudiantes-debuto-en-el-apertura-ante-el-fortin\/","og_site_name":"Club Atl\u00e9tico Estudiantes de Olavarr\u00eda | Sitio oficial","article_publisher":"https:\/\/www.facebook.com\/caeolavarria","article_published_time":"2026-03-14T23:16:04+00:00","og_image":[{"width":2500,"height":1500,"url":"https:\/\/caeolavarria.com.ar\/wp-content\/uploads\/2026\/03\/Futbol-1.jpg","type":"image\/jpeg"}],"author":"Tom\u00e1s Cachero","twitter_card":"summary_large_image","twitter_creator":"@CAEOlavarria","twitter_site":"@CAEOlavarria","twitter_misc":{"Escrito por":"Tom\u00e1s Cachero","Tiempo de lectura":"1 minuto"},"schema":{"@context":"https:\/\/schema.org","@graph":[{"@type":"Article","@id":"https:\/\/caeolavarria.com.ar\/index.php\/2026\/03\/14\/caefutbol-inferiores-lfo-estudiantes-debuto-en-el-apertura-ante-el-fortin\/#article","isPartOf":{"@id":"https:\/\/caeolavarria.com.ar\/index.php\/2026\/03\/14\/caefutbol-inferiores-lfo-estudiantes-debuto-en-el-apertura-ante-el-fortin\/"},"author":{"name":"Tom\u00e1s Cachero","@id":"https:\/\/caeolavarria.com.ar\/#\/schema\/person\/b4f77f23a19fd9ceb50f457eb045d225"},"headline":"#CAEFUTBOL Inferiores LFO: Estudiantes debut\u00f3 en el Apertura ante El Fort\u00edn","datePublished":"2026-03-14T23:16:04+00:00","mainEntityOfPage":{"@id":"https:\/\/caeolavarria.com.ar\/index.php\/2026\/03\/14\/caefutbol-inferiores-lfo-estudiantes-debuto-en-el-apertura-ante-el-fortin\/"},"wordCount":165,"commentCount":0,"publisher":{"@id":"https:\/\/caeolavarria.com.ar\/#organization"},"image":{"@id":"https:\/\/caeolavarria.com.ar\/index.php\/2026\/03\/14\/caefutbol-inferiores-lfo-estudiantes-debuto-en-el-apertura-ante-el-fortin\/#primaryimage"},"thumbnailUrl":"https:\/\/caeolavarria.com.ar\/wp-content\/uploads\/2026\/03\/Futbol-1.jpg","articleSection":["F\u00fatbol","Noticias"],"inLanguage":"es-AR","potentialAction":[{"@type":"CommentAction","name":"Comment","target":["https:\/\/caeolavarria.com.ar\/index.php\/2026\/03\/14\/caefutbol-inferiores-lfo-estudiantes-debuto-en-el-apertura-ante-el-fortin\/#respond"]}]},{"@type":"WebPage","@id":"https:\/\/caeolavarria.com.ar\/index.php\/2026\/03\/14\/caefutbol-inferiores-lfo-estudiantes-debuto-en-el-apertura-ante-el-fortin\/","url":"https:\/\/caeolavarria.com.ar\/index.php\/2026\/03\/14\/caefutbol-inferiores-lfo-estudiantes-debuto-en-el-apertura-ante-el-fortin\/","name":"#CAEFUTBOL Inferiores LFO: Estudiantes debut\u00f3 en el Apertura ante El Fort\u00edn - Club Atl\u00e9tico Estudiantes de Olavarr\u00eda | Sitio oficial","isPartOf":{"@id":"https:\/\/caeolavarria.com.ar\/#website"},"primaryImageOfPage":{"@id":"https:\/\/caeolavarria.com.ar\/index.php\/2026\/03\/14\/caefutbol-inferiores-lfo-estudiantes-debuto-en-el-apertura-ante-el-fortin\/#primaryimage"},"image":{"@id":"https:\/\/caeolavarria.com.ar\/index.php\/2026\/03\/14\/caefutbol-inferiores-lfo-estudiantes-debuto-en-el-apertura-ante-el-fortin\/#primaryimage"},"thumbnailUrl":"https:\/\/caeolavarria.com.ar\/wp-content\/uploads\/2026\/03\/Futbol-1.jpg","datePublished":"2026-03-14T23:16:04+00:00","breadcrumb":{"@id":"https:\/\/caeolavarria.com.ar\/index.php\/2026\/03\/14\/caefutbol-inferiores-lfo-estudiantes-debuto-en-el-apertura-ante-el-fortin\/#breadcrumb"},"inLanguage":"es-AR","potentialAction":[{"@type":"ReadAction","target":["https:\/\/caeolavarria.com.ar\/index.php\/2026\/03\/14\/caefutbol-inferiores-lfo-estudiantes-debuto-en-el-apertura-ante-el-fortin\/"]}]},{"@type":"ImageObject","inLanguage":"es-AR","@id":"https:\/\/caeolavarria.com.ar\/index.php\/2026\/03\/14\/caefutbol-inferiores-lfo-estudiantes-debuto-en-el-apertura-ante-el-fortin\/#primaryimage","url":"https:\/\/caeolavarria.com.ar\/wp-content\/uploads\/2026\/03\/Futbol-1.jpg","contentUrl":"https:\/\/caeolavarria.com.ar\/wp-content\/uploads\/2026\/03\/Futbol-1.jpg","width":2500,"height":1500},{"@type":"BreadcrumbList","@id":"https:\/\/caeolavarria.com.ar\/index.php\/2026\/03\/14\/caefutbol-inferiores-lfo-estudiantes-debuto-en-el-apertura-ante-el-fortin\/#breadcrumb","itemListElement":[{"@type":"ListItem","position":1,"name":"Inicio","item":"https:\/\/caeolavarria.com.ar\/"},{"@type":"ListItem","position":2,"name":"#CAEFUTBOL Inferiores LFO: Estudiantes debut\u00f3 en el Apertura ante El Fort\u00edn"}]},{"@type":"WebSite","@id":"https:\/\/caeolavarria.com.ar\/#website","url":"https:\/\/caeolavarria.com.ar\/","name":"Club Atl\u00e9tico Estudiantes de Olavarr\u00eda | Sitio oficial","description":"","publisher":{"@id":"https:\/\/caeolavarria.com.ar\/#organization"},"potentialAction":[{"@type":"SearchAction","target":{"@type":"EntryPoint","urlTemplate":"https:\/\/caeolavarria.com.ar\/?s={search_term_string}"},"query-input":{"@type":"PropertyValueSpecification","valueRequired":true,"valueName":"search_term_string"}}],"inLanguage":"es-AR"},{"@type":"Organization","@id":"https:\/\/caeolavarria.com.ar\/#organization","name":"Club Atl\u00e9tico Estudiantes de Olavarr\u00eda","url":"https:\/\/caeolavarria.com.ar\/","logo":{"@type":"ImageObject","inLanguage":"es-AR","@id":"https:\/\/caeolavarria.com.ar\/#\/schema\/logo\/image\/","url":"https:\/\/caeolavarria.com.ar\/wp-content\/uploads\/2025\/03\/logo-banco_Mesa-de-trabajo-1.png","contentUrl":"https:\/\/caeolavarria.com.ar\/wp-content\/uploads\/2025\/03\/logo-banco_Mesa-de-trabajo-1.png","width":1355,"height":1355,"caption":"Club Atl\u00e9tico Estudiantes de Olavarr\u00eda"},"image":{"@id":"https:\/\/caeolavarria.com.ar\/#\/schema\/logo\/image\/"},"sameAs":["https:\/\/www.facebook.com\/caeolavarria","https:\/\/x.com\/CAEOlavarria","https:\/\/www.instagram.com\/estudiantesolavarria\/"]},{"@type":"Person","@id":"https:\/\/caeolavarria.com.ar\/#\/schema\/person\/b4f77f23a19fd9ceb50f457eb045d225","name":"Tom\u00e1s Cachero","image":{"@type":"ImageObject","inLanguage":"es-AR","@id":"https:\/\/secure.gravatar.com\/avatar\/1c018d6d2f8a0ca9fd9a94335020132e2679e65ae849bfe0bf59d9af535750e9?s=96&d=mm&r=g","url":"https:\/\/secure.gravatar.com\/avatar\/1c018d6d2f8a0ca9fd9a94335020132e2679e65ae849bfe0bf59d9af535750e9?s=96&d=mm&r=g","contentUrl":"https:\/\/secure.gravatar.com\/avatar\/1c018d6d2f8a0ca9fd9a94335020132e2679e65ae849bfe0bf59d9af535750e9?s=96&d=mm&r=g","caption":"Tom\u00e1s Cachero"},"url":"https:\/\/caeolavarria.com.ar\/index.php\/author\/tcachero\/"}]}},"_links":{"self":[{"href":"https:\/\/caeolavarria.com.ar\/index.php\/wp-json\/wp\/v2\/posts\/7997","targetHints":{"allow":["GET"]}}],"collection":[{"href":"https:\/\/caeolavarria.com.ar\/index.php\/wp-json\/wp\/v2\/posts"}],"about":[{"href":"https:\/\/caeolavarria.com.ar\/index.php\/wp-json\/wp\/v2\/types\/post"}],"author":[{"embeddable":true,"href":"https:\/\/caeolavarria.com.ar\/index.php\/wp-json\/wp\/v2\/users\/3"}],"replies":[{"embeddable":true,"href":"https:\/\/caeolavarria.com.ar\/index.php\/wp-json\/wp\/v2\/comments?post=7997"}],"version-history":[{"count":1,"href":"https:\/\/caeolavarria.com.ar\/index.php\/wp-json\/wp\/v2\/posts\/7997\/revisions"}],"predecessor-version":[{"id":7999,"href":"https:\/\/caeolavarria.com.ar\/index.php\/wp-json\/wp\/v2\/posts\/7997\/revisions\/7999"}],"wp:featuredmedia":[{"embeddable":true,"href":"https:\/\/caeolavarria.com.ar\/index.php\/wp-json\/wp\/v2\/media\/7998"}],"wp:attachment":[{"href":"https:\/\/caeolavarria.com.ar\/index.php\/wp-json\/wp\/v2\/media?parent=7997"}],"wp:term":[{"taxonomy":"category","embeddable":true,"href":"https:\/\/caeolavarria.com.ar\/index.php\/wp-json\/wp\/v2\/categories?post=7997"},{"taxonomy":"post_tag","embeddable":true,"href":"https:\/\/caeolavarria.com.ar\/index.php\/wp-json\/wp\/v2\/tags?post=7997"}],"curies":[{"name":"wp","href":"https:\/\/api.w.org\/{rel}","templated":true}]}}