{"id":8025,"date":"2026-03-15T23:17:06","date_gmt":"2026-03-16T02:17:06","guid":{"rendered":"https:\/\/caeolavarria.com.ar\/?p=8025"},"modified":"2026-03-15T23:17:06","modified_gmt":"2026-03-16T02:17:06","slug":"caecanotaje-gran-participacion-albinegra-en-jauregui","status":"publish","type":"post","link":"https:\/\/caeolavarria.com.ar\/index.php\/2026\/03\/15\/caecanotaje-gran-participacion-albinegra-en-jauregui\/","title":{"rendered":"#CAECANOTAJE Gran participaci\u00f3n albinegra en J\u00e1uregui"},"content":{"rendered":"<article class=\"text-token-text-primary w-full focus:outline-none [--shadow-height:45px] has-data-writing-block:pointer-events-none has-data-writing-block:-mt-(--shadow-height) has-data-writing-block:pt-(--shadow-height) [&amp;:has([data-writing-block])&gt;*]:pointer-events-auto scroll-mt-(--header-height)\" dir=\"auto\" tabindex=\"-1\" data-turn-id=\"858e5b4a-d919-4dbe-971d-7529f32b5579\" data-testid=\"conversation-turn-27\" data-scroll-anchor=\"false\" data-turn=\"user\"><\/article>\n<article class=\"text-token-text-primary w-full focus:outline-none [--shadow-height:45px] has-data-writing-block:pointer-events-none has-data-writing-block:-mt-(--shadow-height) has-data-writing-block:pt-(--shadow-height) [&amp;:has([data-writing-block])&gt;*]:pointer-events-auto scroll-mt-[calc(var(--header-height)+min(200px,max(70px,20svh)))]\" dir=\"auto\" tabindex=\"-1\" data-turn-id=\"request-69b5e7b8-dca8-83e9-a04c-4bbdb30410eb-6\" data-testid=\"conversation-turn-28\" data-scroll-anchor=\"true\" data-turn=\"assistant\">\n<div class=\"text-base my-auto mx-auto pb-10 [--thread-content-margin:var(--thread-content-margin-xs,calc(var(--spacing)*4))] @w-sm\/main:[--thread-content-margin:var(--thread-content-margin-sm,calc(var(--spacing)*6))] @w-lg\/main:[--thread-content-margin:var(--thread-content-margin-lg,calc(var(--spacing)*16))] px-(--thread-content-margin)\">\n<div class=\"[--thread-content-max-width:40rem] @w-lg\/main:[--thread-content-max-width:48rem] mx-auto max-w-(--thread-content-max-width) flex-1 group\/turn-messages focus-visible:outline-hidden relative flex w-full min-w-0 flex-col agent-turn\" tabindex=\"-1\">\n<div class=\"flex max-w-full flex-col gap-4 grow\">\n<div class=\"min-h-8 text-message relative flex w-full flex-col items-end gap-2 text-start break-words whitespace-normal [.text-message+&amp;]:mt-1\" dir=\"auto\" data-message-author-role=\"assistant\" data-message-id=\"4d45432a-836c-4557-bc72-3dc8adc1d8c1\" data-message-model-slug=\"gpt-5-3\">\n<div class=\"flex w-full flex-col gap-1 empty:hidden\">\n<div class=\"markdown prose dark:prose-invert w-full wrap-break-word dark markdown-new-styling\">\n<p data-start=\"58\" data-end=\"349\">Durante el fin de semana, <strong data-start=\"83\" data-end=\"139\">13 palistas de <span class=\"hover:entity-accent entity-underline inline cursor-pointer align-baseline\"><span class=\"whitespace-normal\">Estudiantes<\/span><\/span><\/strong>\u00a0dijeron presente en el <strong data-start=\"163\" data-end=\"204\"><span class=\"hover:entity-accent entity-underline inline cursor-pointer align-baseline\"><span class=\"whitespace-normal\">Club N\u00e1utico El Tim\u00f3n de J\u00e1uregui<\/span><\/span><\/strong>, donde se disput\u00f3 una nueva fecha del calendario anual de marat\u00f3n y promocionales organizado por la <strong data-start=\"305\" data-end=\"346\"><span class=\"hover:entity-accent entity-underline inline cursor-pointer align-baseline\"><span class=\"whitespace-normal\">Federaci\u00f3n Bonaerense de Canoas y Kayaks<\/span><\/span><\/strong>.<\/p>\n<p data-start=\"351\" data-end=\"642\">En una jornada con una gran convocatoria de clubes de toda la regi\u00f3n, los representantes albinegros tuvieron <strong data-start=\"460\" data-end=\"487\">una destacada actuaci\u00f3n<\/strong>, compitiendo en distintas categor\u00edas y distancias, y logrando <strong data-start=\"550\" data-end=\"575\">muy buenos resultados<\/strong> que reflejan el crecimiento de la disciplina dentro del club.<\/p>\n<h3 data-section-id=\"1mbttdu\" data-start=\"644\" data-end=\"685\">Resultados de los palistas albinegros<\/h3>\n<p data-start=\"687\" data-end=\"796\"><strong data-start=\"687\" data-end=\"727\">Preinfantiles Caballeros \u2013 K1 1000 m<\/strong><br data-start=\"727\" data-end=\"730\" \/>\u2022 Sim\u00f3n Cardozo: 9\u00b0<br data-start=\"749\" data-end=\"752\" \/>\u2022 Iv\u00e1n Sequeira: 15\u00b0<br data-start=\"772\" data-end=\"775\" \/>\u2022 Felipe Sequi: 33\u00b0<\/p>\n<p data-start=\"798\" data-end=\"878\"><strong data-start=\"798\" data-end=\"838\">Preinfantiles Caballeros \u2013 K2 1000 m<\/strong><br data-start=\"838\" data-end=\"841\" \/>\u2022 Sim\u00f3n Cardozo \u2013 Iv\u00e1n Sequeira: 9\u00b0<\/p>\n<p data-start=\"880\" data-end=\"957\"><strong data-start=\"880\" data-end=\"917\">Infantiles Caballeros \u2013 K2 1000 m<\/strong><br data-start=\"917\" data-end=\"920\" \/>\u2022 Hern\u00e1n Maradero \u2013 Luca Gaite: 19\u00b0<\/p>\n<p data-start=\"959\" data-end=\"1019\"><strong data-start=\"959\" data-end=\"997\">Infantiles Caballeros \u2013 430 1000 m<\/strong><br data-start=\"997\" data-end=\"1000\" \/>\u2022 Luca Gaite: 19\u00b0<\/p>\n<p data-start=\"1021\" data-end=\"1136\"><strong data-start=\"1021\" data-end=\"1057\">Menores B Caballeros \u2013 K1 2000 m<\/strong><br data-start=\"1057\" data-end=\"1060\" \/>\u2022 Bruno Gaite: 19\u00b0<br data-start=\"1078\" data-end=\"1081\" \/>\u2022 Dante Basualdo Halter: 6\u00b0<br data-start=\"1108\" data-end=\"1111\" \/>\u2022 Ger\u00f3nimo Alderete: 7\u00b0<\/p>\n<p data-start=\"1138\" data-end=\"1207\"><strong data-start=\"1138\" data-end=\"1173\">Cadetes Caballeros \u2013 430 3000 m<\/strong><br data-start=\"1173\" data-end=\"1176\" \/>\u2022 Francisco Doba\u00f1o Rey: 1\u00b0<\/p>\n<p data-start=\"1209\" data-end=\"1290\"><strong data-start=\"1209\" data-end=\"1243\">Master C Caballeros \u2013 K1 12 km<\/strong><br data-start=\"1243\" data-end=\"1246\" \/>\u2022 Felipe Mariano: 1\u00b0<br data-start=\"1269\" data-end=\"1272\" \/>\u2022 Ariel Rojo: 6\u00b0<\/p>\n<p data-start=\"1292\" data-end=\"1452\">Adem\u00e1s, tambi\u00e9n formaron parte de la delegaci\u00f3n <strong data-start=\"1340\" data-end=\"1361\">Benjam\u00edn Albornoz<\/strong> y <strong data-start=\"1364\" data-end=\"1386\">Constanza Mart\u00ednez<\/strong>, quienes sumaron experiencia en una nueva jornada de competencia.<\/p>\n<p data-start=\"1454\" data-end=\"1670\">La participaci\u00f3n albinegra volvi\u00f3 a dejar muy buenas sensaciones, no s\u00f3lo por los <strong data-start=\"1536\" data-end=\"1560\">resultados obtenidos<\/strong>, sino tambi\u00e9n por la gran cantidad de palistas que siguen representando al club en cada fecha del calendario.<\/p>\n<p data-start=\"1672\" data-end=\"2008\" data-is-last-node=\"\" data-is-only-node=\"\">Sin dudas, este comienzo de <strong data-start=\"1700\" data-end=\"1708\">2026<\/strong> muestra el <strong data-start=\"1720\" data-end=\"1795\">gran trabajo que viene realizando la secci\u00f3n de canotaje de Estudiantes<\/strong>, con crecimiento constante, nuevos deportistas sum\u00e1ndose y un fuerte compromiso que se refleja en cada competencia. Un motivo de orgullo para todo el club y una base s\u00f3lida para lo que viene en la temporada.<\/p>\n<\/div>\n<\/div>\n<\/div>\n<\/div>\n<\/div>\n<\/div>\n<\/article>\n","protected":false},"excerpt":{"rendered":"<p>Durante el fin de semana, 13 palistas de Estudiantes\u00a0dijeron presente  [&#8230;]<\/p>\n","protected":false},"author":3,"featured_media":8026,"comment_status":"open","ping_status":"open","sticky":false,"template":"","format":"standard","meta":{"_acf_changed":false,"_bbp_topic_count":0,"_bbp_reply_count":0,"_bbp_total_topic_count":0,"_bbp_total_reply_count":0,"_bbp_voice_count":0,"_bbp_anonymous_reply_count":0,"_bbp_topic_count_hidden":0,"_bbp_reply_count_hidden":0,"_bbp_forum_subforum_count":0,"content-type":"","footnotes":""},"categories":[69,62],"tags":[],"class_list":["post-8025","post","type-post","status-publish","format-standard","has-post-thumbnail","hentry","category-canotaje","category-noticias"],"acf":[],"yoast_head":"<!-- This site is optimized with the Yoast SEO plugin v27.2 - https:\/\/yoast.com\/product\/yoast-seo-wordpress\/ -->\n<title>#CAECANOTAJE Gran participaci\u00f3n albinegra en J\u00e1uregui - Club Atl\u00e9tico Estudiantes de Olavarr\u00eda | Sitio oficial<\/title>\n<meta name=\"robots\" content=\"index, follow, max-snippet:-1, max-image-preview:large, max-video-preview:-1\" \/>\n<link rel=\"canonical\" href=\"https:\/\/caeolavarria.com.ar\/index.php\/2026\/03\/15\/caecanotaje-gran-participacion-albinegra-en-jauregui\/\" \/>\n<meta property=\"og:locale\" content=\"es_ES\" \/>\n<meta property=\"og:type\" content=\"article\" \/>\n<meta property=\"og:title\" content=\"#CAECANOTAJE Gran participaci\u00f3n albinegra en J\u00e1uregui - Club Atl\u00e9tico Estudiantes de Olavarr\u00eda | Sitio oficial\" \/>\n<meta property=\"og:description\" content=\"Durante el fin de semana, 13 palistas de Estudiantes\u00a0dijeron presente [...]\" \/>\n<meta property=\"og:url\" content=\"https:\/\/caeolavarria.com.ar\/index.php\/2026\/03\/15\/caecanotaje-gran-participacion-albinegra-en-jauregui\/\" \/>\n<meta property=\"og:site_name\" content=\"Club Atl\u00e9tico Estudiantes de Olavarr\u00eda | Sitio oficial\" \/>\n<meta property=\"article:publisher\" content=\"https:\/\/www.facebook.com\/caeolavarria\" \/>\n<meta property=\"article:published_time\" content=\"2026-03-16T02:17:06+00:00\" \/>\n<meta property=\"og:image\" content=\"https:\/\/caeolavarria.com.ar\/wp-content\/uploads\/2026\/03\/Canotaje-1.jpg\" \/>\n\t<meta property=\"og:image:width\" content=\"2500\" \/>\n\t<meta property=\"og:image:height\" content=\"1500\" \/>\n\t<meta property=\"og:image:type\" content=\"image\/jpeg\" \/>\n<meta name=\"author\" content=\"Tom\u00e1s Cachero\" \/>\n<meta name=\"twitter:card\" content=\"summary_large_image\" \/>\n<meta name=\"twitter:creator\" content=\"@CAEOlavarria\" \/>\n<meta name=\"twitter:site\" content=\"@CAEOlavarria\" \/>\n<meta name=\"twitter:label1\" content=\"Escrito por\" \/>\n\t<meta name=\"twitter:data1\" content=\"Tom\u00e1s Cachero\" \/>\n\t<meta name=\"twitter:label2\" content=\"Tiempo de lectura\" \/>\n\t<meta name=\"twitter:data2\" content=\"1 minuto\" \/>\n<script type=\"application\/ld+json\" class=\"yoast-schema-graph\">{\"@context\":\"https:\/\/schema.org\",\"@graph\":[{\"@type\":\"Article\",\"@id\":\"https:\/\/caeolavarria.com.ar\/index.php\/2026\/03\/15\/caecanotaje-gran-participacion-albinegra-en-jauregui\/#article\",\"isPartOf\":{\"@id\":\"https:\/\/caeolavarria.com.ar\/index.php\/2026\/03\/15\/caecanotaje-gran-participacion-albinegra-en-jauregui\/\"},\"author\":{\"name\":\"Tom\u00e1s Cachero\",\"@id\":\"https:\/\/caeolavarria.com.ar\/#\/schema\/person\/b4f77f23a19fd9ceb50f457eb045d225\"},\"headline\":\"#CAECANOTAJE Gran participaci\u00f3n albinegra en J\u00e1uregui\",\"datePublished\":\"2026-03-16T02:17:06+00:00\",\"mainEntityOfPage\":{\"@id\":\"https:\/\/caeolavarria.com.ar\/index.php\/2026\/03\/15\/caecanotaje-gran-participacion-albinegra-en-jauregui\/\"},\"wordCount\":285,\"commentCount\":0,\"publisher\":{\"@id\":\"https:\/\/caeolavarria.com.ar\/#organization\"},\"image\":{\"@id\":\"https:\/\/caeolavarria.com.ar\/index.php\/2026\/03\/15\/caecanotaje-gran-participacion-albinegra-en-jauregui\/#primaryimage\"},\"thumbnailUrl\":\"https:\/\/caeolavarria.com.ar\/wp-content\/uploads\/2026\/03\/Canotaje-1.jpg\",\"articleSection\":[\"Canotaje\",\"Noticias\"],\"inLanguage\":\"es-AR\",\"potentialAction\":[{\"@type\":\"CommentAction\",\"name\":\"Comment\",\"target\":[\"https:\/\/caeolavarria.com.ar\/index.php\/2026\/03\/15\/caecanotaje-gran-participacion-albinegra-en-jauregui\/#respond\"]}]},{\"@type\":\"WebPage\",\"@id\":\"https:\/\/caeolavarria.com.ar\/index.php\/2026\/03\/15\/caecanotaje-gran-participacion-albinegra-en-jauregui\/\",\"url\":\"https:\/\/caeolavarria.com.ar\/index.php\/2026\/03\/15\/caecanotaje-gran-participacion-albinegra-en-jauregui\/\",\"name\":\"#CAECANOTAJE Gran participaci\u00f3n albinegra en J\u00e1uregui - Club Atl\u00e9tico Estudiantes de Olavarr\u00eda | Sitio oficial\",\"isPartOf\":{\"@id\":\"https:\/\/caeolavarria.com.ar\/#website\"},\"primaryImageOfPage\":{\"@id\":\"https:\/\/caeolavarria.com.ar\/index.php\/2026\/03\/15\/caecanotaje-gran-participacion-albinegra-en-jauregui\/#primaryimage\"},\"image\":{\"@id\":\"https:\/\/caeolavarria.com.ar\/index.php\/2026\/03\/15\/caecanotaje-gran-participacion-albinegra-en-jauregui\/#primaryimage\"},\"thumbnailUrl\":\"https:\/\/caeolavarria.com.ar\/wp-content\/uploads\/2026\/03\/Canotaje-1.jpg\",\"datePublished\":\"2026-03-16T02:17:06+00:00\",\"breadcrumb\":{\"@id\":\"https:\/\/caeolavarria.com.ar\/index.php\/2026\/03\/15\/caecanotaje-gran-participacion-albinegra-en-jauregui\/#breadcrumb\"},\"inLanguage\":\"es-AR\",\"potentialAction\":[{\"@type\":\"ReadAction\",\"target\":[\"https:\/\/caeolavarria.com.ar\/index.php\/2026\/03\/15\/caecanotaje-gran-participacion-albinegra-en-jauregui\/\"]}]},{\"@type\":\"ImageObject\",\"inLanguage\":\"es-AR\",\"@id\":\"https:\/\/caeolavarria.com.ar\/index.php\/2026\/03\/15\/caecanotaje-gran-participacion-albinegra-en-jauregui\/#primaryimage\",\"url\":\"https:\/\/caeolavarria.com.ar\/wp-content\/uploads\/2026\/03\/Canotaje-1.jpg\",\"contentUrl\":\"https:\/\/caeolavarria.com.ar\/wp-content\/uploads\/2026\/03\/Canotaje-1.jpg\",\"width\":2500,\"height\":1500},{\"@type\":\"BreadcrumbList\",\"@id\":\"https:\/\/caeolavarria.com.ar\/index.php\/2026\/03\/15\/caecanotaje-gran-participacion-albinegra-en-jauregui\/#breadcrumb\",\"itemListElement\":[{\"@type\":\"ListItem\",\"position\":1,\"name\":\"Inicio\",\"item\":\"https:\/\/caeolavarria.com.ar\/\"},{\"@type\":\"ListItem\",\"position\":2,\"name\":\"#CAECANOTAJE Gran participaci\u00f3n albinegra en J\u00e1uregui\"}]},{\"@type\":\"WebSite\",\"@id\":\"https:\/\/caeolavarria.com.ar\/#website\",\"url\":\"https:\/\/caeolavarria.com.ar\/\",\"name\":\"Club Atl\u00e9tico Estudiantes de Olavarr\u00eda | Sitio oficial\",\"description\":\"\",\"publisher\":{\"@id\":\"https:\/\/caeolavarria.com.ar\/#organization\"},\"potentialAction\":[{\"@type\":\"SearchAction\",\"target\":{\"@type\":\"EntryPoint\",\"urlTemplate\":\"https:\/\/caeolavarria.com.ar\/?s={search_term_string}\"},\"query-input\":{\"@type\":\"PropertyValueSpecification\",\"valueRequired\":true,\"valueName\":\"search_term_string\"}}],\"inLanguage\":\"es-AR\"},{\"@type\":\"Organization\",\"@id\":\"https:\/\/caeolavarria.com.ar\/#organization\",\"name\":\"Club Atl\u00e9tico Estudiantes de Olavarr\u00eda\",\"url\":\"https:\/\/caeolavarria.com.ar\/\",\"logo\":{\"@type\":\"ImageObject\",\"inLanguage\":\"es-AR\",\"@id\":\"https:\/\/caeolavarria.com.ar\/#\/schema\/logo\/image\/\",\"url\":\"https:\/\/caeolavarria.com.ar\/wp-content\/uploads\/2025\/03\/logo-banco_Mesa-de-trabajo-1.png\",\"contentUrl\":\"https:\/\/caeolavarria.com.ar\/wp-content\/uploads\/2025\/03\/logo-banco_Mesa-de-trabajo-1.png\",\"width\":1355,\"height\":1355,\"caption\":\"Club Atl\u00e9tico Estudiantes de Olavarr\u00eda\"},\"image\":{\"@id\":\"https:\/\/caeolavarria.com.ar\/#\/schema\/logo\/image\/\"},\"sameAs\":[\"https:\/\/www.facebook.com\/caeolavarria\",\"https:\/\/x.com\/CAEOlavarria\",\"https:\/\/www.instagram.com\/estudiantesolavarria\/\"]},{\"@type\":\"Person\",\"@id\":\"https:\/\/caeolavarria.com.ar\/#\/schema\/person\/b4f77f23a19fd9ceb50f457eb045d225\",\"name\":\"Tom\u00e1s Cachero\",\"image\":{\"@type\":\"ImageObject\",\"inLanguage\":\"es-AR\",\"@id\":\"https:\/\/secure.gravatar.com\/avatar\/1c018d6d2f8a0ca9fd9a94335020132e2679e65ae849bfe0bf59d9af535750e9?s=96&d=mm&r=g\",\"url\":\"https:\/\/secure.gravatar.com\/avatar\/1c018d6d2f8a0ca9fd9a94335020132e2679e65ae849bfe0bf59d9af535750e9?s=96&d=mm&r=g\",\"contentUrl\":\"https:\/\/secure.gravatar.com\/avatar\/1c018d6d2f8a0ca9fd9a94335020132e2679e65ae849bfe0bf59d9af535750e9?s=96&d=mm&r=g\",\"caption\":\"Tom\u00e1s Cachero\"},\"url\":\"https:\/\/caeolavarria.com.ar\/index.php\/author\/tcachero\/\"}]}<\/script>\n<!-- \/ Yoast SEO plugin. -->","yoast_head_json":{"title":"#CAECANOTAJE Gran participaci\u00f3n albinegra en J\u00e1uregui - Club Atl\u00e9tico Estudiantes de Olavarr\u00eda | Sitio oficial","robots":{"index":"index","follow":"follow","max-snippet":"max-snippet:-1","max-image-preview":"max-image-preview:large","max-video-preview":"max-video-preview:-1"},"canonical":"https:\/\/caeolavarria.com.ar\/index.php\/2026\/03\/15\/caecanotaje-gran-participacion-albinegra-en-jauregui\/","og_locale":"es_ES","og_type":"article","og_title":"#CAECANOTAJE Gran participaci\u00f3n albinegra en J\u00e1uregui - Club Atl\u00e9tico Estudiantes de Olavarr\u00eda | Sitio oficial","og_description":"Durante el fin de semana, 13 palistas de Estudiantes\u00a0dijeron presente [...]","og_url":"https:\/\/caeolavarria.com.ar\/index.php\/2026\/03\/15\/caecanotaje-gran-participacion-albinegra-en-jauregui\/","og_site_name":"Club Atl\u00e9tico Estudiantes de Olavarr\u00eda | Sitio oficial","article_publisher":"https:\/\/www.facebook.com\/caeolavarria","article_published_time":"2026-03-16T02:17:06+00:00","og_image":[{"width":2500,"height":1500,"url":"https:\/\/caeolavarria.com.ar\/wp-content\/uploads\/2026\/03\/Canotaje-1.jpg","type":"image\/jpeg"}],"author":"Tom\u00e1s Cachero","twitter_card":"summary_large_image","twitter_creator":"@CAEOlavarria","twitter_site":"@CAEOlavarria","twitter_misc":{"Escrito por":"Tom\u00e1s Cachero","Tiempo de lectura":"1 minuto"},"schema":{"@context":"https:\/\/schema.org","@graph":[{"@type":"Article","@id":"https:\/\/caeolavarria.com.ar\/index.php\/2026\/03\/15\/caecanotaje-gran-participacion-albinegra-en-jauregui\/#article","isPartOf":{"@id":"https:\/\/caeolavarria.com.ar\/index.php\/2026\/03\/15\/caecanotaje-gran-participacion-albinegra-en-jauregui\/"},"author":{"name":"Tom\u00e1s Cachero","@id":"https:\/\/caeolavarria.com.ar\/#\/schema\/person\/b4f77f23a19fd9ceb50f457eb045d225"},"headline":"#CAECANOTAJE Gran participaci\u00f3n albinegra en J\u00e1uregui","datePublished":"2026-03-16T02:17:06+00:00","mainEntityOfPage":{"@id":"https:\/\/caeolavarria.com.ar\/index.php\/2026\/03\/15\/caecanotaje-gran-participacion-albinegra-en-jauregui\/"},"wordCount":285,"commentCount":0,"publisher":{"@id":"https:\/\/caeolavarria.com.ar\/#organization"},"image":{"@id":"https:\/\/caeolavarria.com.ar\/index.php\/2026\/03\/15\/caecanotaje-gran-participacion-albinegra-en-jauregui\/#primaryimage"},"thumbnailUrl":"https:\/\/caeolavarria.com.ar\/wp-content\/uploads\/2026\/03\/Canotaje-1.jpg","articleSection":["Canotaje","Noticias"],"inLanguage":"es-AR","potentialAction":[{"@type":"CommentAction","name":"Comment","target":["https:\/\/caeolavarria.com.ar\/index.php\/2026\/03\/15\/caecanotaje-gran-participacion-albinegra-en-jauregui\/#respond"]}]},{"@type":"WebPage","@id":"https:\/\/caeolavarria.com.ar\/index.php\/2026\/03\/15\/caecanotaje-gran-participacion-albinegra-en-jauregui\/","url":"https:\/\/caeolavarria.com.ar\/index.php\/2026\/03\/15\/caecanotaje-gran-participacion-albinegra-en-jauregui\/","name":"#CAECANOTAJE Gran participaci\u00f3n albinegra en J\u00e1uregui - Club Atl\u00e9tico Estudiantes de Olavarr\u00eda | Sitio oficial","isPartOf":{"@id":"https:\/\/caeolavarria.com.ar\/#website"},"primaryImageOfPage":{"@id":"https:\/\/caeolavarria.com.ar\/index.php\/2026\/03\/15\/caecanotaje-gran-participacion-albinegra-en-jauregui\/#primaryimage"},"image":{"@id":"https:\/\/caeolavarria.com.ar\/index.php\/2026\/03\/15\/caecanotaje-gran-participacion-albinegra-en-jauregui\/#primaryimage"},"thumbnailUrl":"https:\/\/caeolavarria.com.ar\/wp-content\/uploads\/2026\/03\/Canotaje-1.jpg","datePublished":"2026-03-16T02:17:06+00:00","breadcrumb":{"@id":"https:\/\/caeolavarria.com.ar\/index.php\/2026\/03\/15\/caecanotaje-gran-participacion-albinegra-en-jauregui\/#breadcrumb"},"inLanguage":"es-AR","potentialAction":[{"@type":"ReadAction","target":["https:\/\/caeolavarria.com.ar\/index.php\/2026\/03\/15\/caecanotaje-gran-participacion-albinegra-en-jauregui\/"]}]},{"@type":"ImageObject","inLanguage":"es-AR","@id":"https:\/\/caeolavarria.com.ar\/index.php\/2026\/03\/15\/caecanotaje-gran-participacion-albinegra-en-jauregui\/#primaryimage","url":"https:\/\/caeolavarria.com.ar\/wp-content\/uploads\/2026\/03\/Canotaje-1.jpg","contentUrl":"https:\/\/caeolavarria.com.ar\/wp-content\/uploads\/2026\/03\/Canotaje-1.jpg","width":2500,"height":1500},{"@type":"BreadcrumbList","@id":"https:\/\/caeolavarria.com.ar\/index.php\/2026\/03\/15\/caecanotaje-gran-participacion-albinegra-en-jauregui\/#breadcrumb","itemListElement":[{"@type":"ListItem","position":1,"name":"Inicio","item":"https:\/\/caeolavarria.com.ar\/"},{"@type":"ListItem","position":2,"name":"#CAECANOTAJE Gran participaci\u00f3n albinegra en J\u00e1uregui"}]},{"@type":"WebSite","@id":"https:\/\/caeolavarria.com.ar\/#website","url":"https:\/\/caeolavarria.com.ar\/","name":"Club Atl\u00e9tico Estudiantes de Olavarr\u00eda | Sitio oficial","description":"","publisher":{"@id":"https:\/\/caeolavarria.com.ar\/#organization"},"potentialAction":[{"@type":"SearchAction","target":{"@type":"EntryPoint","urlTemplate":"https:\/\/caeolavarria.com.ar\/?s={search_term_string}"},"query-input":{"@type":"PropertyValueSpecification","valueRequired":true,"valueName":"search_term_string"}}],"inLanguage":"es-AR"},{"@type":"Organization","@id":"https:\/\/caeolavarria.com.ar\/#organization","name":"Club Atl\u00e9tico Estudiantes de Olavarr\u00eda","url":"https:\/\/caeolavarria.com.ar\/","logo":{"@type":"ImageObject","inLanguage":"es-AR","@id":"https:\/\/caeolavarria.com.ar\/#\/schema\/logo\/image\/","url":"https:\/\/caeolavarria.com.ar\/wp-content\/uploads\/2025\/03\/logo-banco_Mesa-de-trabajo-1.png","contentUrl":"https:\/\/caeolavarria.com.ar\/wp-content\/uploads\/2025\/03\/logo-banco_Mesa-de-trabajo-1.png","width":1355,"height":1355,"caption":"Club Atl\u00e9tico Estudiantes de Olavarr\u00eda"},"image":{"@id":"https:\/\/caeolavarria.com.ar\/#\/schema\/logo\/image\/"},"sameAs":["https:\/\/www.facebook.com\/caeolavarria","https:\/\/x.com\/CAEOlavarria","https:\/\/www.instagram.com\/estudiantesolavarria\/"]},{"@type":"Person","@id":"https:\/\/caeolavarria.com.ar\/#\/schema\/person\/b4f77f23a19fd9ceb50f457eb045d225","name":"Tom\u00e1s Cachero","image":{"@type":"ImageObject","inLanguage":"es-AR","@id":"https:\/\/secure.gravatar.com\/avatar\/1c018d6d2f8a0ca9fd9a94335020132e2679e65ae849bfe0bf59d9af535750e9?s=96&d=mm&r=g","url":"https:\/\/secure.gravatar.com\/avatar\/1c018d6d2f8a0ca9fd9a94335020132e2679e65ae849bfe0bf59d9af535750e9?s=96&d=mm&r=g","contentUrl":"https:\/\/secure.gravatar.com\/avatar\/1c018d6d2f8a0ca9fd9a94335020132e2679e65ae849bfe0bf59d9af535750e9?s=96&d=mm&r=g","caption":"Tom\u00e1s Cachero"},"url":"https:\/\/caeolavarria.com.ar\/index.php\/author\/tcachero\/"}]}},"_links":{"self":[{"href":"https:\/\/caeolavarria.com.ar\/index.php\/wp-json\/wp\/v2\/posts\/8025","targetHints":{"allow":["GET"]}}],"collection":[{"href":"https:\/\/caeolavarria.com.ar\/index.php\/wp-json\/wp\/v2\/posts"}],"about":[{"href":"https:\/\/caeolavarria.com.ar\/index.php\/wp-json\/wp\/v2\/types\/post"}],"author":[{"embeddable":true,"href":"https:\/\/caeolavarria.com.ar\/index.php\/wp-json\/wp\/v2\/users\/3"}],"replies":[{"embeddable":true,"href":"https:\/\/caeolavarria.com.ar\/index.php\/wp-json\/wp\/v2\/comments?post=8025"}],"version-history":[{"count":1,"href":"https:\/\/caeolavarria.com.ar\/index.php\/wp-json\/wp\/v2\/posts\/8025\/revisions"}],"predecessor-version":[{"id":8027,"href":"https:\/\/caeolavarria.com.ar\/index.php\/wp-json\/wp\/v2\/posts\/8025\/revisions\/8027"}],"wp:featuredmedia":[{"embeddable":true,"href":"https:\/\/caeolavarria.com.ar\/index.php\/wp-json\/wp\/v2\/media\/8026"}],"wp:attachment":[{"href":"https:\/\/caeolavarria.com.ar\/index.php\/wp-json\/wp\/v2\/media?parent=8025"}],"wp:term":[{"taxonomy":"category","embeddable":true,"href":"https:\/\/caeolavarria.com.ar\/index.php\/wp-json\/wp\/v2\/categories?post=8025"},{"taxonomy":"post_tag","embeddable":true,"href":"https:\/\/caeolavarria.com.ar\/index.php\/wp-json\/wp\/v2\/tags?post=8025"}],"curies":[{"name":"wp","href":"https:\/\/api.w.org\/{rel}","templated":true}]}}