{"id":8028,"date":"2026-03-15T23:36:38","date_gmt":"2026-03-16T02:36:38","guid":{"rendered":"https:\/\/caeolavarria.com.ar\/?p=8028"},"modified":"2026-03-15T23:36:38","modified_gmt":"2026-03-16T02:36:38","slug":"caehandball-el-comercial-de-primera-marco-el-estreno-del-nuevo-parquet-en-el-macrogimnasio","status":"publish","type":"post","link":"https:\/\/caeolavarria.com.ar\/index.php\/2026\/03\/15\/caehandball-el-comercial-de-primera-marco-el-estreno-del-nuevo-parquet-en-el-macrogimnasio\/","title":{"rendered":"#CAEHANDBALL El Comercial de Primera marc\u00f3 el estreno del nuevo parquet en el Macrogimnasio"},"content":{"rendered":"<article class=\"text-token-text-primary w-full focus:outline-none [--shadow-height:45px] has-data-writing-block:pointer-events-none has-data-writing-block:-mt-(--shadow-height) has-data-writing-block:pt-(--shadow-height) [&amp;:has([data-writing-block])&gt;*]:pointer-events-auto scroll-mt-(--header-height)\" dir=\"auto\" tabindex=\"-1\" data-turn-id=\"775b140f-bbd5-455b-90a4-be65c9006895\" data-testid=\"conversation-turn-33\" data-scroll-anchor=\"false\" data-turn=\"user\"><\/article>\n<article class=\"text-token-text-primary w-full focus:outline-none [--shadow-height:45px] has-data-writing-block:pointer-events-none has-data-writing-block:-mt-(--shadow-height) has-data-writing-block:pt-(--shadow-height) [&amp;:has([data-writing-block])&gt;*]:pointer-events-auto scroll-mt-[calc(var(--header-height)+min(200px,max(70px,20svh)))]\" dir=\"auto\" tabindex=\"-1\" data-turn-id=\"request-69b5e7b8-dca8-83e9-a04c-4bbdb30410eb-9\" data-testid=\"conversation-turn-34\" data-scroll-anchor=\"true\" data-turn=\"assistant\">\n<div class=\"text-base my-auto mx-auto pb-10 [--thread-content-margin:var(--thread-content-margin-xs,calc(var(--spacing)*4))] @w-sm\/main:[--thread-content-margin:var(--thread-content-margin-sm,calc(var(--spacing)*6))] @w-lg\/main:[--thread-content-margin:var(--thread-content-margin-lg,calc(var(--spacing)*16))] px-(--thread-content-margin)\">\n<div class=\"[--thread-content-max-width:40rem] @w-lg\/main:[--thread-content-max-width:48rem] mx-auto max-w-(--thread-content-max-width) flex-1 group\/turn-messages focus-visible:outline-hidden relative flex w-full min-w-0 flex-col agent-turn\" tabindex=\"-1\">\n<div class=\"flex max-w-full flex-col gap-4 grow\">\n<div class=\"min-h-8 text-message relative flex w-full flex-col items-end gap-2 text-start break-words whitespace-normal [.text-message+&amp;]:mt-1\" dir=\"auto\" data-message-author-role=\"assistant\" data-message-id=\"124937fb-3f98-4b25-a045-62612462337f\" data-message-model-slug=\"gpt-5-3\">\n<div class=\"flex w-full flex-col gap-1 empty:hidden\">\n<div class=\"markdown prose dark:prose-invert w-full wrap-break-word dark markdown-new-styling\">\n<p data-start=\"99\" data-end=\"489\">Este domingo fue una jornada muy especial para el handball de <strong data-start=\"161\" data-end=\"202\"><span class=\"hover:entity-accent entity-underline inline cursor-pointer align-baseline\"><span class=\"whitespace-normal\">Estudiantes de Olavarr\u00eda<\/span><\/span><\/strong>, ya que se puso en marcha una nueva edici\u00f3n del <strong data-start=\"251\" data-end=\"294\">tradicional Torneo Comercial de Primera<\/strong>, certamen que re\u00fane a <strong data-start=\"317\" data-end=\"360\">10 equipos (6 masculinos y 4 femeninos)<\/strong> y que, adem\u00e1s, marc\u00f3 <strong data-start=\"382\" data-end=\"488\">el primer evento deportivo disputado en el Macrogimnasio tras la instalaci\u00f3n del nuevo piso de parquet<\/strong>.<\/p>\n<p data-start=\"99\" data-end=\"489\">\n<p data-start=\"491\" data-end=\"871\">Luego de <strong data-start=\"500\" data-end=\"538\">m\u00e1s de un mes de intensos trabajos<\/strong>, el flamante parquet recibi\u00f3 sus primeros partidos oficiales con una gran jornada de handball que inaugur\u00f3 simb\u00f3licamente esta nueva etapa para el gimnasio. La <strong data-start=\"699\" data-end=\"723\">inauguraci\u00f3n oficial<\/strong> del piso se realizar\u00e1 el pr\u00f3ximo <strong data-start=\"757\" data-end=\"780\">viernes 20 de marzo<\/strong>, pero el Comercial tuvo el privilegio de ser el evento que lo estren\u00f3 dentro de la cancha.<\/p>\n<p data-start=\"873\" data-end=\"1169\">Para la disciplina y para todo el club es <strong data-start=\"915\" data-end=\"979\">un enorme orgullo contar con un gimnasio con piso de parquet<\/strong>, una obra que jerarquiza la pr\u00e1ctica deportiva, mejora las condiciones de juego y sigue posicionando a <strong data-start=\"1083\" data-end=\"1098\">Estudiantes<\/strong> como una de las instituciones deportivas m\u00e1s importantes de la regi\u00f3n.<\/p>\n<h3 data-section-id=\"q68kyx\" data-start=\"1171\" data-end=\"1197\">Resultados \u2013 Jornada 1<\/h3>\n<p data-start=\"1199\" data-end=\"1245\"><strong data-start=\"1199\" data-end=\"1216\">Toras Team 42<\/strong><br data-start=\"1216\" data-end=\"1219\" \/>Que Pase el Que Sigue 21<\/p>\n<p data-start=\"1247\" data-end=\"1280\"><strong data-start=\"1247\" data-end=\"1259\">Athom 26<\/strong><br data-start=\"1259\" data-end=\"1262\" \/>Handball Azul 21<\/p>\n<p data-start=\"1282\" data-end=\"1330\"><strong data-start=\"1282\" data-end=\"1300\">Manguera FC 19<\/strong><br data-start=\"1300\" data-end=\"1303\" \/>Handball Universitario 10<\/p>\n<p data-start=\"1332\" data-end=\"1373\"><strong data-start=\"1332\" data-end=\"1344\">F\u00e9nix 29<\/strong><br data-start=\"1344\" data-end=\"1347\" \/>Que Pase el Que Sigue 15<\/p>\n<p data-start=\"1375\" data-end=\"1410\"><strong data-start=\"1375\" data-end=\"1389\">Liv Gym 31<\/strong><br data-start=\"1389\" data-end=\"1392\" \/>Handball Azul 12<\/p>\n<p data-start=\"1412\" data-end=\"1453\"><strong data-start=\"1412\" data-end=\"1430\">Manguera FC 23<\/strong><br data-start=\"1430\" data-end=\"1433\" \/>Scissors Barber 20<\/p>\n<p data-start=\"1455\" data-end=\"1485\"><strong data-start=\"1455\" data-end=\"1472\">Toras Team 20<\/strong><br data-start=\"1472\" data-end=\"1475\" \/>F\u00e9nix 18<\/p>\n<p data-start=\"1487\" data-end=\"1667\">La actividad del Comercial <strong data-start=\"1514\" data-end=\"1579\">continuar\u00e1 este lunes desde las 19:45 horas con tres partidos<\/strong>, y seguir\u00e1 desarroll\u00e1ndose durante toda la semana con una intensa agenda de encuentros.<\/p>\n<p data-start=\"1669\" data-end=\"1836\">El certamen se extender\u00e1 <strong data-start=\"1694\" data-end=\"1726\">hasta el domingo 29 de marzo<\/strong>, jornada en la que se disputar\u00e1n <strong data-start=\"1760\" data-end=\"1783\">las grandes finales<\/strong> que coronar\u00e1n a los campeones de esta nueva edici\u00f3n.<\/p>\n<p data-start=\"1838\" data-end=\"2244\" data-is-last-node=\"\" data-is-only-node=\"\">Este estreno deportivo del parquet refleja tambi\u00e9n <strong data-start=\"1889\" data-end=\"1932\">el crecimiento constante de Estudiantes<\/strong>, que actualmente cuenta con <strong data-start=\"1961\" data-end=\"2014\">tres obras importantes culmin\u00e1ndose en simult\u00e1neo<\/strong>, consolidando el desarrollo de su infraestructura y reafirmando su compromiso con el deporte y la comunidad. Un paso m\u00e1s que sigue engrandeciendo el nombre del club y brindando mejores espacios para todos sus deportistas.<\/p>\n<\/div>\n<\/div>\n<\/div>\n<\/div>\n<\/div>\n<\/div>\n<\/article>\n","protected":false},"excerpt":{"rendered":"<p>Este domingo fue una jornada muy especial para el handball  [&#8230;]<\/p>\n","protected":false},"author":3,"featured_media":8029,"comment_status":"open","ping_status":"open","sticky":false,"template":"","format":"standard","meta":{"_acf_changed":false,"_bbp_topic_count":0,"_bbp_reply_count":0,"_bbp_total_topic_count":0,"_bbp_total_reply_count":0,"_bbp_voice_count":0,"_bbp_anonymous_reply_count":0,"_bbp_topic_count_hidden":0,"_bbp_reply_count_hidden":0,"_bbp_forum_subforum_count":0,"content-type":"","footnotes":""},"categories":[70,62],"tags":[],"class_list":["post-8028","post","type-post","status-publish","format-standard","has-post-thumbnail","hentry","category-handball","category-noticias"],"acf":[],"yoast_head":"<!-- This site is optimized with the Yoast SEO plugin v27.2 - https:\/\/yoast.com\/product\/yoast-seo-wordpress\/ -->\n<title>#CAEHANDBALL El Comercial de Primera marc\u00f3 el estreno del nuevo parquet en el Macrogimnasio - Club Atl\u00e9tico Estudiantes de Olavarr\u00eda | Sitio oficial<\/title>\n<meta name=\"robots\" content=\"index, follow, max-snippet:-1, max-image-preview:large, max-video-preview:-1\" \/>\n<link rel=\"canonical\" href=\"https:\/\/caeolavarria.com.ar\/index.php\/2026\/03\/15\/caehandball-el-comercial-de-primera-marco-el-estreno-del-nuevo-parquet-en-el-macrogimnasio\/\" \/>\n<meta property=\"og:locale\" content=\"es_ES\" \/>\n<meta property=\"og:type\" content=\"article\" \/>\n<meta property=\"og:title\" content=\"#CAEHANDBALL El Comercial de Primera marc\u00f3 el estreno del nuevo parquet en el Macrogimnasio - Club Atl\u00e9tico Estudiantes de Olavarr\u00eda | Sitio oficial\" \/>\n<meta property=\"og:description\" content=\"Este domingo fue una jornada muy especial para el handball [...]\" \/>\n<meta property=\"og:url\" content=\"https:\/\/caeolavarria.com.ar\/index.php\/2026\/03\/15\/caehandball-el-comercial-de-primera-marco-el-estreno-del-nuevo-parquet-en-el-macrogimnasio\/\" \/>\n<meta property=\"og:site_name\" content=\"Club Atl\u00e9tico Estudiantes de Olavarr\u00eda | Sitio oficial\" \/>\n<meta property=\"article:publisher\" content=\"https:\/\/www.facebook.com\/caeolavarria\" \/>\n<meta property=\"article:published_time\" content=\"2026-03-16T02:36:38+00:00\" \/>\n<meta property=\"og:image\" content=\"https:\/\/caeolavarria.com.ar\/wp-content\/uploads\/2026\/03\/Handball.jpg\" \/>\n\t<meta property=\"og:image:width\" content=\"2500\" \/>\n\t<meta property=\"og:image:height\" content=\"1500\" \/>\n\t<meta property=\"og:image:type\" content=\"image\/jpeg\" \/>\n<meta name=\"author\" content=\"Tom\u00e1s Cachero\" \/>\n<meta name=\"twitter:card\" content=\"summary_large_image\" \/>\n<meta name=\"twitter:creator\" content=\"@CAEOlavarria\" \/>\n<meta name=\"twitter:site\" content=\"@CAEOlavarria\" \/>\n<meta name=\"twitter:label1\" content=\"Escrito por\" \/>\n\t<meta name=\"twitter:data1\" content=\"Tom\u00e1s Cachero\" \/>\n\t<meta name=\"twitter:label2\" content=\"Tiempo de lectura\" \/>\n\t<meta name=\"twitter:data2\" content=\"1 minuto\" \/>\n<script type=\"application\/ld+json\" class=\"yoast-schema-graph\">{\"@context\":\"https:\/\/schema.org\",\"@graph\":[{\"@type\":\"Article\",\"@id\":\"https:\/\/caeolavarria.com.ar\/index.php\/2026\/03\/15\/caehandball-el-comercial-de-primera-marco-el-estreno-del-nuevo-parquet-en-el-macrogimnasio\/#article\",\"isPartOf\":{\"@id\":\"https:\/\/caeolavarria.com.ar\/index.php\/2026\/03\/15\/caehandball-el-comercial-de-primera-marco-el-estreno-del-nuevo-parquet-en-el-macrogimnasio\/\"},\"author\":{\"name\":\"Tom\u00e1s Cachero\",\"@id\":\"https:\/\/caeolavarria.com.ar\/#\/schema\/person\/b4f77f23a19fd9ceb50f457eb045d225\"},\"headline\":\"#CAEHANDBALL El Comercial de Primera marc\u00f3 el estreno del nuevo parquet en el Macrogimnasio\",\"datePublished\":\"2026-03-16T02:36:38+00:00\",\"mainEntityOfPage\":{\"@id\":\"https:\/\/caeolavarria.com.ar\/index.php\/2026\/03\/15\/caehandball-el-comercial-de-primera-marco-el-estreno-del-nuevo-parquet-en-el-macrogimnasio\/\"},\"wordCount\":344,\"commentCount\":0,\"publisher\":{\"@id\":\"https:\/\/caeolavarria.com.ar\/#organization\"},\"image\":{\"@id\":\"https:\/\/caeolavarria.com.ar\/index.php\/2026\/03\/15\/caehandball-el-comercial-de-primera-marco-el-estreno-del-nuevo-parquet-en-el-macrogimnasio\/#primaryimage\"},\"thumbnailUrl\":\"https:\/\/caeolavarria.com.ar\/wp-content\/uploads\/2026\/03\/Handball.jpg\",\"articleSection\":[\"Handball\",\"Noticias\"],\"inLanguage\":\"es-AR\",\"potentialAction\":[{\"@type\":\"CommentAction\",\"name\":\"Comment\",\"target\":[\"https:\/\/caeolavarria.com.ar\/index.php\/2026\/03\/15\/caehandball-el-comercial-de-primera-marco-el-estreno-del-nuevo-parquet-en-el-macrogimnasio\/#respond\"]}]},{\"@type\":\"WebPage\",\"@id\":\"https:\/\/caeolavarria.com.ar\/index.php\/2026\/03\/15\/caehandball-el-comercial-de-primera-marco-el-estreno-del-nuevo-parquet-en-el-macrogimnasio\/\",\"url\":\"https:\/\/caeolavarria.com.ar\/index.php\/2026\/03\/15\/caehandball-el-comercial-de-primera-marco-el-estreno-del-nuevo-parquet-en-el-macrogimnasio\/\",\"name\":\"#CAEHANDBALL El Comercial de Primera marc\u00f3 el estreno del nuevo parquet en el Macrogimnasio - Club Atl\u00e9tico Estudiantes de Olavarr\u00eda | Sitio oficial\",\"isPartOf\":{\"@id\":\"https:\/\/caeolavarria.com.ar\/#website\"},\"primaryImageOfPage\":{\"@id\":\"https:\/\/caeolavarria.com.ar\/index.php\/2026\/03\/15\/caehandball-el-comercial-de-primera-marco-el-estreno-del-nuevo-parquet-en-el-macrogimnasio\/#primaryimage\"},\"image\":{\"@id\":\"https:\/\/caeolavarria.com.ar\/index.php\/2026\/03\/15\/caehandball-el-comercial-de-primera-marco-el-estreno-del-nuevo-parquet-en-el-macrogimnasio\/#primaryimage\"},\"thumbnailUrl\":\"https:\/\/caeolavarria.com.ar\/wp-content\/uploads\/2026\/03\/Handball.jpg\",\"datePublished\":\"2026-03-16T02:36:38+00:00\",\"breadcrumb\":{\"@id\":\"https:\/\/caeolavarria.com.ar\/index.php\/2026\/03\/15\/caehandball-el-comercial-de-primera-marco-el-estreno-del-nuevo-parquet-en-el-macrogimnasio\/#breadcrumb\"},\"inLanguage\":\"es-AR\",\"potentialAction\":[{\"@type\":\"ReadAction\",\"target\":[\"https:\/\/caeolavarria.com.ar\/index.php\/2026\/03\/15\/caehandball-el-comercial-de-primera-marco-el-estreno-del-nuevo-parquet-en-el-macrogimnasio\/\"]}]},{\"@type\":\"ImageObject\",\"inLanguage\":\"es-AR\",\"@id\":\"https:\/\/caeolavarria.com.ar\/index.php\/2026\/03\/15\/caehandball-el-comercial-de-primera-marco-el-estreno-del-nuevo-parquet-en-el-macrogimnasio\/#primaryimage\",\"url\":\"https:\/\/caeolavarria.com.ar\/wp-content\/uploads\/2026\/03\/Handball.jpg\",\"contentUrl\":\"https:\/\/caeolavarria.com.ar\/wp-content\/uploads\/2026\/03\/Handball.jpg\",\"width\":2500,\"height\":1500},{\"@type\":\"BreadcrumbList\",\"@id\":\"https:\/\/caeolavarria.com.ar\/index.php\/2026\/03\/15\/caehandball-el-comercial-de-primera-marco-el-estreno-del-nuevo-parquet-en-el-macrogimnasio\/#breadcrumb\",\"itemListElement\":[{\"@type\":\"ListItem\",\"position\":1,\"name\":\"Inicio\",\"item\":\"https:\/\/caeolavarria.com.ar\/\"},{\"@type\":\"ListItem\",\"position\":2,\"name\":\"#CAEHANDBALL El Comercial de Primera marc\u00f3 el estreno del nuevo parquet en el Macrogimnasio\"}]},{\"@type\":\"WebSite\",\"@id\":\"https:\/\/caeolavarria.com.ar\/#website\",\"url\":\"https:\/\/caeolavarria.com.ar\/\",\"name\":\"Club Atl\u00e9tico Estudiantes de Olavarr\u00eda | Sitio oficial\",\"description\":\"\",\"publisher\":{\"@id\":\"https:\/\/caeolavarria.com.ar\/#organization\"},\"potentialAction\":[{\"@type\":\"SearchAction\",\"target\":{\"@type\":\"EntryPoint\",\"urlTemplate\":\"https:\/\/caeolavarria.com.ar\/?s={search_term_string}\"},\"query-input\":{\"@type\":\"PropertyValueSpecification\",\"valueRequired\":true,\"valueName\":\"search_term_string\"}}],\"inLanguage\":\"es-AR\"},{\"@type\":\"Organization\",\"@id\":\"https:\/\/caeolavarria.com.ar\/#organization\",\"name\":\"Club Atl\u00e9tico Estudiantes de Olavarr\u00eda\",\"url\":\"https:\/\/caeolavarria.com.ar\/\",\"logo\":{\"@type\":\"ImageObject\",\"inLanguage\":\"es-AR\",\"@id\":\"https:\/\/caeolavarria.com.ar\/#\/schema\/logo\/image\/\",\"url\":\"https:\/\/caeolavarria.com.ar\/wp-content\/uploads\/2025\/03\/logo-banco_Mesa-de-trabajo-1.png\",\"contentUrl\":\"https:\/\/caeolavarria.com.ar\/wp-content\/uploads\/2025\/03\/logo-banco_Mesa-de-trabajo-1.png\",\"width\":1355,\"height\":1355,\"caption\":\"Club Atl\u00e9tico Estudiantes de Olavarr\u00eda\"},\"image\":{\"@id\":\"https:\/\/caeolavarria.com.ar\/#\/schema\/logo\/image\/\"},\"sameAs\":[\"https:\/\/www.facebook.com\/caeolavarria\",\"https:\/\/x.com\/CAEOlavarria\",\"https:\/\/www.instagram.com\/estudiantesolavarria\/\"]},{\"@type\":\"Person\",\"@id\":\"https:\/\/caeolavarria.com.ar\/#\/schema\/person\/b4f77f23a19fd9ceb50f457eb045d225\",\"name\":\"Tom\u00e1s Cachero\",\"image\":{\"@type\":\"ImageObject\",\"inLanguage\":\"es-AR\",\"@id\":\"https:\/\/secure.gravatar.com\/avatar\/1c018d6d2f8a0ca9fd9a94335020132e2679e65ae849bfe0bf59d9af535750e9?s=96&d=mm&r=g\",\"url\":\"https:\/\/secure.gravatar.com\/avatar\/1c018d6d2f8a0ca9fd9a94335020132e2679e65ae849bfe0bf59d9af535750e9?s=96&d=mm&r=g\",\"contentUrl\":\"https:\/\/secure.gravatar.com\/avatar\/1c018d6d2f8a0ca9fd9a94335020132e2679e65ae849bfe0bf59d9af535750e9?s=96&d=mm&r=g\",\"caption\":\"Tom\u00e1s Cachero\"},\"url\":\"https:\/\/caeolavarria.com.ar\/index.php\/author\/tcachero\/\"}]}<\/script>\n<!-- \/ Yoast SEO plugin. -->","yoast_head_json":{"title":"#CAEHANDBALL El Comercial de Primera marc\u00f3 el estreno del nuevo parquet en el Macrogimnasio - Club Atl\u00e9tico Estudiantes de Olavarr\u00eda | Sitio oficial","robots":{"index":"index","follow":"follow","max-snippet":"max-snippet:-1","max-image-preview":"max-image-preview:large","max-video-preview":"max-video-preview:-1"},"canonical":"https:\/\/caeolavarria.com.ar\/index.php\/2026\/03\/15\/caehandball-el-comercial-de-primera-marco-el-estreno-del-nuevo-parquet-en-el-macrogimnasio\/","og_locale":"es_ES","og_type":"article","og_title":"#CAEHANDBALL El Comercial de Primera marc\u00f3 el estreno del nuevo parquet en el Macrogimnasio - Club Atl\u00e9tico Estudiantes de Olavarr\u00eda | Sitio oficial","og_description":"Este domingo fue una jornada muy especial para el handball [...]","og_url":"https:\/\/caeolavarria.com.ar\/index.php\/2026\/03\/15\/caehandball-el-comercial-de-primera-marco-el-estreno-del-nuevo-parquet-en-el-macrogimnasio\/","og_site_name":"Club Atl\u00e9tico Estudiantes de Olavarr\u00eda | Sitio oficial","article_publisher":"https:\/\/www.facebook.com\/caeolavarria","article_published_time":"2026-03-16T02:36:38+00:00","og_image":[{"width":2500,"height":1500,"url":"https:\/\/caeolavarria.com.ar\/wp-content\/uploads\/2026\/03\/Handball.jpg","type":"image\/jpeg"}],"author":"Tom\u00e1s Cachero","twitter_card":"summary_large_image","twitter_creator":"@CAEOlavarria","twitter_site":"@CAEOlavarria","twitter_misc":{"Escrito por":"Tom\u00e1s Cachero","Tiempo de lectura":"1 minuto"},"schema":{"@context":"https:\/\/schema.org","@graph":[{"@type":"Article","@id":"https:\/\/caeolavarria.com.ar\/index.php\/2026\/03\/15\/caehandball-el-comercial-de-primera-marco-el-estreno-del-nuevo-parquet-en-el-macrogimnasio\/#article","isPartOf":{"@id":"https:\/\/caeolavarria.com.ar\/index.php\/2026\/03\/15\/caehandball-el-comercial-de-primera-marco-el-estreno-del-nuevo-parquet-en-el-macrogimnasio\/"},"author":{"name":"Tom\u00e1s Cachero","@id":"https:\/\/caeolavarria.com.ar\/#\/schema\/person\/b4f77f23a19fd9ceb50f457eb045d225"},"headline":"#CAEHANDBALL El Comercial de Primera marc\u00f3 el estreno del nuevo parquet en el Macrogimnasio","datePublished":"2026-03-16T02:36:38+00:00","mainEntityOfPage":{"@id":"https:\/\/caeolavarria.com.ar\/index.php\/2026\/03\/15\/caehandball-el-comercial-de-primera-marco-el-estreno-del-nuevo-parquet-en-el-macrogimnasio\/"},"wordCount":344,"commentCount":0,"publisher":{"@id":"https:\/\/caeolavarria.com.ar\/#organization"},"image":{"@id":"https:\/\/caeolavarria.com.ar\/index.php\/2026\/03\/15\/caehandball-el-comercial-de-primera-marco-el-estreno-del-nuevo-parquet-en-el-macrogimnasio\/#primaryimage"},"thumbnailUrl":"https:\/\/caeolavarria.com.ar\/wp-content\/uploads\/2026\/03\/Handball.jpg","articleSection":["Handball","Noticias"],"inLanguage":"es-AR","potentialAction":[{"@type":"CommentAction","name":"Comment","target":["https:\/\/caeolavarria.com.ar\/index.php\/2026\/03\/15\/caehandball-el-comercial-de-primera-marco-el-estreno-del-nuevo-parquet-en-el-macrogimnasio\/#respond"]}]},{"@type":"WebPage","@id":"https:\/\/caeolavarria.com.ar\/index.php\/2026\/03\/15\/caehandball-el-comercial-de-primera-marco-el-estreno-del-nuevo-parquet-en-el-macrogimnasio\/","url":"https:\/\/caeolavarria.com.ar\/index.php\/2026\/03\/15\/caehandball-el-comercial-de-primera-marco-el-estreno-del-nuevo-parquet-en-el-macrogimnasio\/","name":"#CAEHANDBALL El Comercial de Primera marc\u00f3 el estreno del nuevo parquet en el Macrogimnasio - Club Atl\u00e9tico Estudiantes de Olavarr\u00eda | Sitio oficial","isPartOf":{"@id":"https:\/\/caeolavarria.com.ar\/#website"},"primaryImageOfPage":{"@id":"https:\/\/caeolavarria.com.ar\/index.php\/2026\/03\/15\/caehandball-el-comercial-de-primera-marco-el-estreno-del-nuevo-parquet-en-el-macrogimnasio\/#primaryimage"},"image":{"@id":"https:\/\/caeolavarria.com.ar\/index.php\/2026\/03\/15\/caehandball-el-comercial-de-primera-marco-el-estreno-del-nuevo-parquet-en-el-macrogimnasio\/#primaryimage"},"thumbnailUrl":"https:\/\/caeolavarria.com.ar\/wp-content\/uploads\/2026\/03\/Handball.jpg","datePublished":"2026-03-16T02:36:38+00:00","breadcrumb":{"@id":"https:\/\/caeolavarria.com.ar\/index.php\/2026\/03\/15\/caehandball-el-comercial-de-primera-marco-el-estreno-del-nuevo-parquet-en-el-macrogimnasio\/#breadcrumb"},"inLanguage":"es-AR","potentialAction":[{"@type":"ReadAction","target":["https:\/\/caeolavarria.com.ar\/index.php\/2026\/03\/15\/caehandball-el-comercial-de-primera-marco-el-estreno-del-nuevo-parquet-en-el-macrogimnasio\/"]}]},{"@type":"ImageObject","inLanguage":"es-AR","@id":"https:\/\/caeolavarria.com.ar\/index.php\/2026\/03\/15\/caehandball-el-comercial-de-primera-marco-el-estreno-del-nuevo-parquet-en-el-macrogimnasio\/#primaryimage","url":"https:\/\/caeolavarria.com.ar\/wp-content\/uploads\/2026\/03\/Handball.jpg","contentUrl":"https:\/\/caeolavarria.com.ar\/wp-content\/uploads\/2026\/03\/Handball.jpg","width":2500,"height":1500},{"@type":"BreadcrumbList","@id":"https:\/\/caeolavarria.com.ar\/index.php\/2026\/03\/15\/caehandball-el-comercial-de-primera-marco-el-estreno-del-nuevo-parquet-en-el-macrogimnasio\/#breadcrumb","itemListElement":[{"@type":"ListItem","position":1,"name":"Inicio","item":"https:\/\/caeolavarria.com.ar\/"},{"@type":"ListItem","position":2,"name":"#CAEHANDBALL El Comercial de Primera marc\u00f3 el estreno del nuevo parquet en el Macrogimnasio"}]},{"@type":"WebSite","@id":"https:\/\/caeolavarria.com.ar\/#website","url":"https:\/\/caeolavarria.com.ar\/","name":"Club Atl\u00e9tico Estudiantes de Olavarr\u00eda | Sitio oficial","description":"","publisher":{"@id":"https:\/\/caeolavarria.com.ar\/#organization"},"potentialAction":[{"@type":"SearchAction","target":{"@type":"EntryPoint","urlTemplate":"https:\/\/caeolavarria.com.ar\/?s={search_term_string}"},"query-input":{"@type":"PropertyValueSpecification","valueRequired":true,"valueName":"search_term_string"}}],"inLanguage":"es-AR"},{"@type":"Organization","@id":"https:\/\/caeolavarria.com.ar\/#organization","name":"Club Atl\u00e9tico Estudiantes de Olavarr\u00eda","url":"https:\/\/caeolavarria.com.ar\/","logo":{"@type":"ImageObject","inLanguage":"es-AR","@id":"https:\/\/caeolavarria.com.ar\/#\/schema\/logo\/image\/","url":"https:\/\/caeolavarria.com.ar\/wp-content\/uploads\/2025\/03\/logo-banco_Mesa-de-trabajo-1.png","contentUrl":"https:\/\/caeolavarria.com.ar\/wp-content\/uploads\/2025\/03\/logo-banco_Mesa-de-trabajo-1.png","width":1355,"height":1355,"caption":"Club Atl\u00e9tico Estudiantes de Olavarr\u00eda"},"image":{"@id":"https:\/\/caeolavarria.com.ar\/#\/schema\/logo\/image\/"},"sameAs":["https:\/\/www.facebook.com\/caeolavarria","https:\/\/x.com\/CAEOlavarria","https:\/\/www.instagram.com\/estudiantesolavarria\/"]},{"@type":"Person","@id":"https:\/\/caeolavarria.com.ar\/#\/schema\/person\/b4f77f23a19fd9ceb50f457eb045d225","name":"Tom\u00e1s Cachero","image":{"@type":"ImageObject","inLanguage":"es-AR","@id":"https:\/\/secure.gravatar.com\/avatar\/1c018d6d2f8a0ca9fd9a94335020132e2679e65ae849bfe0bf59d9af535750e9?s=96&d=mm&r=g","url":"https:\/\/secure.gravatar.com\/avatar\/1c018d6d2f8a0ca9fd9a94335020132e2679e65ae849bfe0bf59d9af535750e9?s=96&d=mm&r=g","contentUrl":"https:\/\/secure.gravatar.com\/avatar\/1c018d6d2f8a0ca9fd9a94335020132e2679e65ae849bfe0bf59d9af535750e9?s=96&d=mm&r=g","caption":"Tom\u00e1s Cachero"},"url":"https:\/\/caeolavarria.com.ar\/index.php\/author\/tcachero\/"}]}},"_links":{"self":[{"href":"https:\/\/caeolavarria.com.ar\/index.php\/wp-json\/wp\/v2\/posts\/8028","targetHints":{"allow":["GET"]}}],"collection":[{"href":"https:\/\/caeolavarria.com.ar\/index.php\/wp-json\/wp\/v2\/posts"}],"about":[{"href":"https:\/\/caeolavarria.com.ar\/index.php\/wp-json\/wp\/v2\/types\/post"}],"author":[{"embeddable":true,"href":"https:\/\/caeolavarria.com.ar\/index.php\/wp-json\/wp\/v2\/users\/3"}],"replies":[{"embeddable":true,"href":"https:\/\/caeolavarria.com.ar\/index.php\/wp-json\/wp\/v2\/comments?post=8028"}],"version-history":[{"count":1,"href":"https:\/\/caeolavarria.com.ar\/index.php\/wp-json\/wp\/v2\/posts\/8028\/revisions"}],"predecessor-version":[{"id":8030,"href":"https:\/\/caeolavarria.com.ar\/index.php\/wp-json\/wp\/v2\/posts\/8028\/revisions\/8030"}],"wp:featuredmedia":[{"embeddable":true,"href":"https:\/\/caeolavarria.com.ar\/index.php\/wp-json\/wp\/v2\/media\/8029"}],"wp:attachment":[{"href":"https:\/\/caeolavarria.com.ar\/index.php\/wp-json\/wp\/v2\/media?parent=8028"}],"wp:term":[{"taxonomy":"category","embeddable":true,"href":"https:\/\/caeolavarria.com.ar\/index.php\/wp-json\/wp\/v2\/categories?post=8028"},{"taxonomy":"post_tag","embeddable":true,"href":"https:\/\/caeolavarria.com.ar\/index.php\/wp-json\/wp\/v2\/tags?post=8028"}],"curies":[{"name":"wp","href":"https:\/\/api.w.org\/{rel}","templated":true}]}}