{"id":8486,"date":"2026-04-26T23:34:08","date_gmt":"2026-04-27T02:34:08","guid":{"rendered":"https:\/\/caeolavarria.com.ar\/?p=8486"},"modified":"2026-04-27T00:02:08","modified_gmt":"2026-04-27T03:02:08","slug":"caevoley-copa-de-primera-liniers-festejo-en-ambas-ramas-en-la-undecima-edicion","status":"publish","type":"post","link":"https:\/\/caeolavarria.com.ar\/index.php\/2026\/04\/26\/caevoley-copa-de-primera-liniers-festejo-en-ambas-ramas-en-la-undecima-edicion\/","title":{"rendered":"#CAEVOLEY Copa de Primera: Liniers festej\u00f3 en ambas ramas en la und\u00e9cima edici\u00f3n"},"content":{"rendered":"<section class=\"text-token-text-primary w-full focus:outline-none [--shadow-height:45px] has-data-writing-block:pointer-events-none has-data-writing-block:-mt-(--shadow-height) has-data-writing-block:pt-(--shadow-height) [&amp;:has([data-writing-block])&gt;*]:pointer-events-auto [content-visibility:auto] supports-[content-visibility:auto]:[contain-intrinsic-size:auto_100lvh] R6Vx5W_threadScrollVars scroll-mb-[calc(var(--scroll-root-safe-area-inset-bottom,0px)+var(--thread-response-height))] scroll-mt-[calc(var(--header-height)+min(200px,max(70px,20svh)))]\" dir=\"auto\" data-turn-id=\"request-69ed60aa-5474-83e9-b51e-b07509c9af67-6\" data-testid=\"conversation-turn-26\" data-scroll-anchor=\"false\" data-turn=\"assistant\">\n<div class=\"text-base my-auto mx-auto pb-10 [--thread-content-margin:var(--thread-content-margin-xs,calc(var(--spacing)*4))] @w-sm\/main:[--thread-content-margin:var(--thread-content-margin-sm,calc(var(--spacing)*6))] @w-lg\/main:[--thread-content-margin:var(--thread-content-margin-lg,calc(var(--spacing)*16))] px-(--thread-content-margin)\">\n<div class=\"[--thread-content-max-width:40rem] @w-lg\/main:[--thread-content-max-width:48rem] mx-auto max-w-(--thread-content-max-width) flex-1 group\/turn-messages focus-visible:outline-hidden relative flex w-full min-w-0 flex-col agent-turn\">\n<div class=\"flex max-w-full flex-col gap-4 grow\">\n<div class=\"min-h-8 text-message relative flex w-full flex-col items-end gap-2 text-start break-words whitespace-normal outline-none keyboard-focused:focus-ring [.text-message+&amp;]:mt-1\" dir=\"auto\" tabindex=\"0\" data-message-author-role=\"assistant\" data-message-id=\"52380288-0e1f-4fb1-964c-242b6caa6ac9\" data-message-model-slug=\"gpt-5-3\" data-turn-start-message=\"true\">\n<div class=\"flex w-full flex-col gap-1 empty:hidden\">\n<div class=\"markdown prose dark:prose-invert w-full wrap-break-word dark markdown-new-styling\">\n<p data-start=\"0\" data-end=\"403\">La 11\u00b0 edici\u00f3n de la Copa de Primera de V\u00f3ley se vivi\u00f3 con enorme intensidad en el Club Atl\u00e9tico Estudiantes durante el s\u00e1bado y domingo, en un certamen que reuni\u00f3 a 19 equipos de gran nivel y que tuvo su cierre cerca de las 23 horas del segundo d\u00eda de competencia. En un fin de semana cargado de acci\u00f3n, Liniers de Bah\u00eda Blanca se consagr\u00f3 campe\u00f3n en ambas ramas, coronando una actuaci\u00f3n sobresaliente.<\/p>\n<p data-start=\"405\" data-end=\"773\">En la rama femenina, las bahienses se quedaron con la Copa de Oro tras vencer en la final a Cedetalvo de Mar del Plata, en un encuentro que mostr\u00f3 un alto nivel de juego. Por su parte, en la competencia masculina, Liniers tambi\u00e9n grit\u00f3 campe\u00f3n luego de imponerse en una verdadera final ante Comunicaciones de Capital, resolviendo el t\u00edtulo en un emocionante tie-break.<\/p>\n<p data-start=\"775\" data-end=\"1403\">M\u00e1s all\u00e1 de lo deportivo, el torneo estuvo marcado por una situaci\u00f3n clim\u00e1tica adversa. El d\u00eda domingo, debido a un alerta naranja por fuertes vientos, la actividad debi\u00f3 suspenderse desde las 12 hasta las 18 horas. Sin embargo, gracias al gran trabajo organizativo del staff de v\u00f3ley albinegro y a la excelente predisposici\u00f3n de todos los equipos, especialmente de aquellos que deb\u00edan emprender el regreso a sus ciudades, la jornada pudo reanudarse y completarse con normalidad. De esta manera, se disputaron las semifinales, finales y partidos por el tercer puesto, logrando que la Copa no deba ser suspendida en su totalidad.<\/p>\n<p data-start=\"1405\" data-end=\"1424\"><strong>Posiciones finales:<\/strong><\/p>\n<p data-start=\"1426\" data-end=\"1534\"><strong>Masculino<\/strong><br data-start=\"1435\" data-end=\"1438\" \/><strong>Copa de Oro<\/strong><br data-start=\"1449\" data-end=\"1452\" \/>1\u00ba Liniers<br data-start=\"1462\" data-end=\"1465\" \/>2\u00ba Comunicaciones<br data-start=\"1477\" data-end=\"1480\" \/>3\u00ba Mariano Moreno<br data-start=\"1497\" data-end=\"1500\" \/>4\u00ba Glorias<br data-start=\"1510\" data-end=\"1513\" \/>5\u00ba Olimpo<br data-start=\"1522\" data-end=\"1525\" \/>6\u00ba Azul<\/p>\n<p data-start=\"1536\" data-end=\"1623\"><strong>Copa de Plata<\/strong><br data-start=\"1549\" data-end=\"1552\" \/>1\u00ba y 2\u00ba Racing\u00a0 y Estudiantes (a jugarse)<br data-start=\"1588\" data-end=\"1591\" \/>3\u00ba Pueblo Nuevo<br data-start=\"1606\" data-end=\"1609\" \/>4\u00ba Costa Sud<\/p>\n<p data-start=\"1625\" data-end=\"1748\"><strong>Femenino<\/strong><br data-start=\"1633\" data-end=\"1636\" \/><strong>Copa de Oro<\/strong><br data-start=\"1647\" data-end=\"1650\" \/>1\u00ba Liniers<br data-start=\"1660\" data-end=\"1663\" \/>2\u00ba Cedetalvo<br data-start=\"1675\" data-end=\"1678\" \/>3\u00ba Estudiantes<br data-start=\"1692\" data-end=\"1695\" \/>4\u00ba Juventud<br data-start=\"1706\" data-end=\"1709\" \/>5\u00ba y 6\u00ba Mariano Moreno y Pueblo Nuevo (a jugarse)<\/p>\n<p data-start=\"1750\" data-end=\"1822\"><strong>Copa de Plata<\/strong><br data-start=\"1763\" data-end=\"1766\" \/>1\u00ba Racing A. Club<br data-start=\"1783\" data-end=\"1786\" \/>2\u00ba Uni\u00f3n y Progreso<br data-start=\"1805\" data-end=\"1808\" \/>3\u00ba Costa Sud<\/p>\n<p data-start=\"1824\" data-end=\"1850\"><strong>Resultados de las finales:<\/strong><\/p>\n<p data-start=\"1852\" data-end=\"1924\"><strong>Final Copa de Plata Femenina:<\/strong><br data-start=\"1881\" data-end=\"1884\" \/>RAC 2-0 Uni\u00f3n y Progreso (25-21 \/ 25-22)<\/p>\n<p data-start=\"1926\" data-end=\"2011\"><strong>Final Copa de Plata Masculina:<\/strong><br data-start=\"1956\" data-end=\"1959\" \/>Se disputar\u00e1 en la semana entre Estudiantes y Racing<\/p>\n<p data-start=\"2013\" data-end=\"2087\"><strong>Final Copa de Oro Femenina:<\/strong><br data-start=\"2040\" data-end=\"2043\" \/>Liniers 2-1 Cedetalvo (26-25 \/ 17-25 \/ 15-9)<\/p>\n<p data-start=\"2089\" data-end=\"2170\"><strong>Final Copa de Oro Masculina:<\/strong><br data-start=\"2117\" data-end=\"2120\" \/>Liniers 2-1 Comunicaciones (28-30 \/ 26-24 \/ 16-14)<\/p>\n<p data-start=\"2172\" data-end=\"2569\" data-is-last-node=\"\" data-is-only-node=\"\">De esta manera, la Copa de Primera se desarroll\u00f3 con total \u00e9xito, reafirmando el crecimiento sostenido del v\u00f3ley del Club Atl\u00e9tico Estudiantes y consolid\u00e1ndose como un torneo de referencia en la regi\u00f3n. Con la participaci\u00f3n de 19 equipos y un gran nivel de competencia, el club ya comienza a palpitar lo que ser\u00e1 la 12\u00b0 edici\u00f3n, esperando volver a recibir a todos los protagonistas el pr\u00f3ximo a\u00f1o.<\/p>\n<\/div>\n<\/div>\n<p data-start=\"2172\" data-end=\"2569\" data-is-last-node=\"\" data-is-only-node=\"\"><img decoding=\"async\" class=\"lazyload alignnone size-medium wp-image-8487\" src=\"https:\/\/caeolavarria.com.ar\/wp-content\/uploads\/2026\/04\/WhatsApp-Image-2026-04-26-at-21.18.21-300x225.jpeg\" data-orig-src=\"https:\/\/caeolavarria.com.ar\/wp-content\/uploads\/2026\/04\/WhatsApp-Image-2026-04-26-at-21.18.21-300x225.jpeg\" alt=\"\" width=\"300\" height=\"225\" srcset=\"data:image\/svg+xml,%3Csvg%20xmlns%3D%27http%3A%2F%2Fwww.w3.org%2F2000%2Fsvg%27%20width%3D%27300%27%20height%3D%27225%27%20viewBox%3D%270%200%20300%20225%27%3E%3Crect%20width%3D%27300%27%20height%3D%27225%27%20fill-opacity%3D%220%22%2F%3E%3C%2Fsvg%3E\" data-srcset=\"https:\/\/caeolavarria.com.ar\/wp-content\/uploads\/2026\/04\/WhatsApp-Image-2026-04-26-at-21.18.21-200x150.jpeg 200w, https:\/\/caeolavarria.com.ar\/wp-content\/uploads\/2026\/04\/WhatsApp-Image-2026-04-26-at-21.18.21-300x225.jpeg 300w, https:\/\/caeolavarria.com.ar\/wp-content\/uploads\/2026\/04\/WhatsApp-Image-2026-04-26-at-21.18.21-400x300.jpeg 400w, https:\/\/caeolavarria.com.ar\/wp-content\/uploads\/2026\/04\/WhatsApp-Image-2026-04-26-at-21.18.21-500x375.jpeg 500w, https:\/\/caeolavarria.com.ar\/wp-content\/uploads\/2026\/04\/WhatsApp-Image-2026-04-26-at-21.18.21-600x450.jpeg 600w, https:\/\/caeolavarria.com.ar\/wp-content\/uploads\/2026\/04\/WhatsApp-Image-2026-04-26-at-21.18.21-700x525.jpeg 700w, https:\/\/caeolavarria.com.ar\/wp-content\/uploads\/2026\/04\/WhatsApp-Image-2026-04-26-at-21.18.21-768x576.jpeg 768w, https:\/\/caeolavarria.com.ar\/wp-content\/uploads\/2026\/04\/WhatsApp-Image-2026-04-26-at-21.18.21-800x600.jpeg 800w, https:\/\/caeolavarria.com.ar\/wp-content\/uploads\/2026\/04\/WhatsApp-Image-2026-04-26-at-21.18.21-1024x768.jpeg 1024w, https:\/\/caeolavarria.com.ar\/wp-content\/uploads\/2026\/04\/WhatsApp-Image-2026-04-26-at-21.18.21-1200x900.jpeg 1200w, https:\/\/caeolavarria.com.ar\/wp-content\/uploads\/2026\/04\/WhatsApp-Image-2026-04-26-at-21.18.21.jpeg 1280w\" data-sizes=\"auto\" data-orig-sizes=\"(max-width: 300px) 100vw, 300px\" \/><\/p>\n<\/div>\n<\/div>\n<div class=\"z-0 flex min-h-[46px] justify-start\"><\/div>\n<div class=\"mt-3 w-full empty:hidden\">\n<div class=\"text-center\"><\/div>\n<\/div>\n<\/div>\n<\/div>\n<\/section>\n<div class=\"pointer-events-none -mt-px h-px translate-y-[calc(var(--scroll-root-safe-area-inset-bottom)-14*var(--spacing))]\" aria-hidden=\"true\"><\/div>\n","protected":false},"excerpt":{"rendered":"<p>La 11\u00b0 edici\u00f3n de la Copa de Primera de V\u00f3ley  [&#8230;]<\/p>\n","protected":false},"author":3,"featured_media":8488,"comment_status":"open","ping_status":"open","sticky":false,"template":"","format":"standard","meta":{"_acf_changed":false,"_bbp_topic_count":0,"_bbp_reply_count":0,"_bbp_total_topic_count":0,"_bbp_total_reply_count":0,"_bbp_voice_count":0,"_bbp_anonymous_reply_count":0,"_bbp_topic_count_hidden":0,"_bbp_reply_count_hidden":0,"_bbp_forum_subforum_count":0,"content-type":"","footnotes":""},"categories":[62,78],"tags":[],"class_list":["post-8486","post","type-post","status-publish","format-standard","has-post-thumbnail","hentry","category-noticias","category-voley"],"acf":[],"yoast_head":"<!-- This site is optimized with the Yoast SEO plugin v27.2 - https:\/\/yoast.com\/product\/yoast-seo-wordpress\/ -->\n<title>#CAEVOLEY Copa de Primera: Liniers festej\u00f3 en ambas ramas en la und\u00e9cima edici\u00f3n - Club Atl\u00e9tico Estudiantes de Olavarr\u00eda | Sitio oficial<\/title>\n<meta name=\"robots\" content=\"index, follow, max-snippet:-1, max-image-preview:large, max-video-preview:-1\" \/>\n<link rel=\"canonical\" href=\"https:\/\/caeolavarria.com.ar\/index.php\/2026\/04\/26\/caevoley-copa-de-primera-liniers-festejo-en-ambas-ramas-en-la-undecima-edicion\/\" \/>\n<meta property=\"og:locale\" content=\"es_ES\" \/>\n<meta property=\"og:type\" content=\"article\" \/>\n<meta property=\"og:title\" content=\"#CAEVOLEY Copa de Primera: Liniers festej\u00f3 en ambas ramas en la und\u00e9cima edici\u00f3n - Club Atl\u00e9tico Estudiantes de Olavarr\u00eda | Sitio oficial\" \/>\n<meta property=\"og:description\" content=\"La 11\u00b0 edici\u00f3n de la Copa de Primera de V\u00f3ley [...]\" \/>\n<meta property=\"og:url\" content=\"https:\/\/caeolavarria.com.ar\/index.php\/2026\/04\/26\/caevoley-copa-de-primera-liniers-festejo-en-ambas-ramas-en-la-undecima-edicion\/\" \/>\n<meta property=\"og:site_name\" content=\"Club Atl\u00e9tico Estudiantes de Olavarr\u00eda | Sitio oficial\" \/>\n<meta property=\"article:publisher\" content=\"https:\/\/www.facebook.com\/caeolavarria\" \/>\n<meta property=\"article:published_time\" content=\"2026-04-27T02:34:08+00:00\" \/>\n<meta property=\"article:modified_time\" content=\"2026-04-27T03:02:08+00:00\" \/>\n<meta property=\"og:image\" content=\"https:\/\/caeolavarria.com.ar\/wp-content\/uploads\/2026\/04\/Voley-5.jpg\" \/>\n\t<meta property=\"og:image:width\" content=\"2500\" \/>\n\t<meta property=\"og:image:height\" content=\"1500\" \/>\n\t<meta property=\"og:image:type\" content=\"image\/jpeg\" \/>\n<meta name=\"author\" content=\"Tom\u00e1s Cachero\" \/>\n<meta name=\"twitter:card\" content=\"summary_large_image\" \/>\n<meta name=\"twitter:creator\" content=\"@CAEOlavarria\" \/>\n<meta name=\"twitter:site\" content=\"@CAEOlavarria\" \/>\n<meta name=\"twitter:label1\" content=\"Escrito por\" \/>\n\t<meta name=\"twitter:data1\" content=\"Tom\u00e1s Cachero\" \/>\n\t<meta name=\"twitter:label2\" content=\"Tiempo de lectura\" \/>\n\t<meta name=\"twitter:data2\" content=\"3 minutos\" \/>\n<script type=\"application\/ld+json\" class=\"yoast-schema-graph\">{\"@context\":\"https:\/\/schema.org\",\"@graph\":[{\"@type\":\"Article\",\"@id\":\"https:\/\/caeolavarria.com.ar\/index.php\/2026\/04\/26\/caevoley-copa-de-primera-liniers-festejo-en-ambas-ramas-en-la-undecima-edicion\/#article\",\"isPartOf\":{\"@id\":\"https:\/\/caeolavarria.com.ar\/index.php\/2026\/04\/26\/caevoley-copa-de-primera-liniers-festejo-en-ambas-ramas-en-la-undecima-edicion\/\"},\"author\":{\"name\":\"Tom\u00e1s Cachero\",\"@id\":\"https:\/\/caeolavarria.com.ar\/#\/schema\/person\/b4f77f23a19fd9ceb50f457eb045d225\"},\"headline\":\"#CAEVOLEY Copa de Primera: Liniers festej\u00f3 en ambas ramas en la und\u00e9cima edici\u00f3n\",\"datePublished\":\"2026-04-27T02:34:08+00:00\",\"dateModified\":\"2026-04-27T03:02:08+00:00\",\"mainEntityOfPage\":{\"@id\":\"https:\/\/caeolavarria.com.ar\/index.php\/2026\/04\/26\/caevoley-copa-de-primera-liniers-festejo-en-ambas-ramas-en-la-undecima-edicion\/\"},\"wordCount\":446,\"commentCount\":0,\"publisher\":{\"@id\":\"https:\/\/caeolavarria.com.ar\/#organization\"},\"image\":{\"@id\":\"https:\/\/caeolavarria.com.ar\/index.php\/2026\/04\/26\/caevoley-copa-de-primera-liniers-festejo-en-ambas-ramas-en-la-undecima-edicion\/#primaryimage\"},\"thumbnailUrl\":\"https:\/\/caeolavarria.com.ar\/wp-content\/uploads\/2026\/04\/Voley-5.jpg\",\"articleSection\":[\"Noticias\",\"V\u00f3ley\"],\"inLanguage\":\"es-AR\",\"potentialAction\":[{\"@type\":\"CommentAction\",\"name\":\"Comment\",\"target\":[\"https:\/\/caeolavarria.com.ar\/index.php\/2026\/04\/26\/caevoley-copa-de-primera-liniers-festejo-en-ambas-ramas-en-la-undecima-edicion\/#respond\"]}]},{\"@type\":\"WebPage\",\"@id\":\"https:\/\/caeolavarria.com.ar\/index.php\/2026\/04\/26\/caevoley-copa-de-primera-liniers-festejo-en-ambas-ramas-en-la-undecima-edicion\/\",\"url\":\"https:\/\/caeolavarria.com.ar\/index.php\/2026\/04\/26\/caevoley-copa-de-primera-liniers-festejo-en-ambas-ramas-en-la-undecima-edicion\/\",\"name\":\"#CAEVOLEY Copa de Primera: Liniers festej\u00f3 en ambas ramas en la und\u00e9cima edici\u00f3n - Club Atl\u00e9tico Estudiantes de Olavarr\u00eda | Sitio oficial\",\"isPartOf\":{\"@id\":\"https:\/\/caeolavarria.com.ar\/#website\"},\"primaryImageOfPage\":{\"@id\":\"https:\/\/caeolavarria.com.ar\/index.php\/2026\/04\/26\/caevoley-copa-de-primera-liniers-festejo-en-ambas-ramas-en-la-undecima-edicion\/#primaryimage\"},\"image\":{\"@id\":\"https:\/\/caeolavarria.com.ar\/index.php\/2026\/04\/26\/caevoley-copa-de-primera-liniers-festejo-en-ambas-ramas-en-la-undecima-edicion\/#primaryimage\"},\"thumbnailUrl\":\"https:\/\/caeolavarria.com.ar\/wp-content\/uploads\/2026\/04\/Voley-5.jpg\",\"datePublished\":\"2026-04-27T02:34:08+00:00\",\"dateModified\":\"2026-04-27T03:02:08+00:00\",\"breadcrumb\":{\"@id\":\"https:\/\/caeolavarria.com.ar\/index.php\/2026\/04\/26\/caevoley-copa-de-primera-liniers-festejo-en-ambas-ramas-en-la-undecima-edicion\/#breadcrumb\"},\"inLanguage\":\"es-AR\",\"potentialAction\":[{\"@type\":\"ReadAction\",\"target\":[\"https:\/\/caeolavarria.com.ar\/index.php\/2026\/04\/26\/caevoley-copa-de-primera-liniers-festejo-en-ambas-ramas-en-la-undecima-edicion\/\"]}]},{\"@type\":\"ImageObject\",\"inLanguage\":\"es-AR\",\"@id\":\"https:\/\/caeolavarria.com.ar\/index.php\/2026\/04\/26\/caevoley-copa-de-primera-liniers-festejo-en-ambas-ramas-en-la-undecima-edicion\/#primaryimage\",\"url\":\"https:\/\/caeolavarria.com.ar\/wp-content\/uploads\/2026\/04\/Voley-5.jpg\",\"contentUrl\":\"https:\/\/caeolavarria.com.ar\/wp-content\/uploads\/2026\/04\/Voley-5.jpg\",\"width\":2500,\"height\":1500},{\"@type\":\"BreadcrumbList\",\"@id\":\"https:\/\/caeolavarria.com.ar\/index.php\/2026\/04\/26\/caevoley-copa-de-primera-liniers-festejo-en-ambas-ramas-en-la-undecima-edicion\/#breadcrumb\",\"itemListElement\":[{\"@type\":\"ListItem\",\"position\":1,\"name\":\"Inicio\",\"item\":\"https:\/\/caeolavarria.com.ar\/\"},{\"@type\":\"ListItem\",\"position\":2,\"name\":\"#CAEVOLEY Copa de Primera: Liniers festej\u00f3 en ambas ramas en la und\u00e9cima edici\u00f3n\"}]},{\"@type\":\"WebSite\",\"@id\":\"https:\/\/caeolavarria.com.ar\/#website\",\"url\":\"https:\/\/caeolavarria.com.ar\/\",\"name\":\"Club Atl\u00e9tico Estudiantes de Olavarr\u00eda | Sitio oficial\",\"description\":\"\",\"publisher\":{\"@id\":\"https:\/\/caeolavarria.com.ar\/#organization\"},\"potentialAction\":[{\"@type\":\"SearchAction\",\"target\":{\"@type\":\"EntryPoint\",\"urlTemplate\":\"https:\/\/caeolavarria.com.ar\/?s={search_term_string}\"},\"query-input\":{\"@type\":\"PropertyValueSpecification\",\"valueRequired\":true,\"valueName\":\"search_term_string\"}}],\"inLanguage\":\"es-AR\"},{\"@type\":\"Organization\",\"@id\":\"https:\/\/caeolavarria.com.ar\/#organization\",\"name\":\"Club Atl\u00e9tico Estudiantes de Olavarr\u00eda\",\"url\":\"https:\/\/caeolavarria.com.ar\/\",\"logo\":{\"@type\":\"ImageObject\",\"inLanguage\":\"es-AR\",\"@id\":\"https:\/\/caeolavarria.com.ar\/#\/schema\/logo\/image\/\",\"url\":\"https:\/\/caeolavarria.com.ar\/wp-content\/uploads\/2025\/03\/logo-banco_Mesa-de-trabajo-1.png\",\"contentUrl\":\"https:\/\/caeolavarria.com.ar\/wp-content\/uploads\/2025\/03\/logo-banco_Mesa-de-trabajo-1.png\",\"width\":1355,\"height\":1355,\"caption\":\"Club Atl\u00e9tico Estudiantes de Olavarr\u00eda\"},\"image\":{\"@id\":\"https:\/\/caeolavarria.com.ar\/#\/schema\/logo\/image\/\"},\"sameAs\":[\"https:\/\/www.facebook.com\/caeolavarria\",\"https:\/\/x.com\/CAEOlavarria\",\"https:\/\/www.instagram.com\/estudiantesolavarria\/\"]},{\"@type\":\"Person\",\"@id\":\"https:\/\/caeolavarria.com.ar\/#\/schema\/person\/b4f77f23a19fd9ceb50f457eb045d225\",\"name\":\"Tom\u00e1s Cachero\",\"image\":{\"@type\":\"ImageObject\",\"inLanguage\":\"es-AR\",\"@id\":\"https:\/\/secure.gravatar.com\/avatar\/1c018d6d2f8a0ca9fd9a94335020132e2679e65ae849bfe0bf59d9af535750e9?s=96&d=mm&r=g\",\"url\":\"https:\/\/secure.gravatar.com\/avatar\/1c018d6d2f8a0ca9fd9a94335020132e2679e65ae849bfe0bf59d9af535750e9?s=96&d=mm&r=g\",\"contentUrl\":\"https:\/\/secure.gravatar.com\/avatar\/1c018d6d2f8a0ca9fd9a94335020132e2679e65ae849bfe0bf59d9af535750e9?s=96&d=mm&r=g\",\"caption\":\"Tom\u00e1s Cachero\"},\"url\":\"https:\/\/caeolavarria.com.ar\/index.php\/author\/tcachero\/\"}]}<\/script>\n<!-- \/ Yoast SEO plugin. -->","yoast_head_json":{"title":"#CAEVOLEY Copa de Primera: Liniers festej\u00f3 en ambas ramas en la und\u00e9cima edici\u00f3n - Club Atl\u00e9tico Estudiantes de Olavarr\u00eda | Sitio oficial","robots":{"index":"index","follow":"follow","max-snippet":"max-snippet:-1","max-image-preview":"max-image-preview:large","max-video-preview":"max-video-preview:-1"},"canonical":"https:\/\/caeolavarria.com.ar\/index.php\/2026\/04\/26\/caevoley-copa-de-primera-liniers-festejo-en-ambas-ramas-en-la-undecima-edicion\/","og_locale":"es_ES","og_type":"article","og_title":"#CAEVOLEY Copa de Primera: Liniers festej\u00f3 en ambas ramas en la und\u00e9cima edici\u00f3n - Club Atl\u00e9tico Estudiantes de Olavarr\u00eda | Sitio oficial","og_description":"La 11\u00b0 edici\u00f3n de la Copa de Primera de V\u00f3ley [...]","og_url":"https:\/\/caeolavarria.com.ar\/index.php\/2026\/04\/26\/caevoley-copa-de-primera-liniers-festejo-en-ambas-ramas-en-la-undecima-edicion\/","og_site_name":"Club Atl\u00e9tico Estudiantes de Olavarr\u00eda | Sitio oficial","article_publisher":"https:\/\/www.facebook.com\/caeolavarria","article_published_time":"2026-04-27T02:34:08+00:00","article_modified_time":"2026-04-27T03:02:08+00:00","og_image":[{"width":2500,"height":1500,"url":"https:\/\/caeolavarria.com.ar\/wp-content\/uploads\/2026\/04\/Voley-5.jpg","type":"image\/jpeg"}],"author":"Tom\u00e1s Cachero","twitter_card":"summary_large_image","twitter_creator":"@CAEOlavarria","twitter_site":"@CAEOlavarria","twitter_misc":{"Escrito por":"Tom\u00e1s Cachero","Tiempo de lectura":"3 minutos"},"schema":{"@context":"https:\/\/schema.org","@graph":[{"@type":"Article","@id":"https:\/\/caeolavarria.com.ar\/index.php\/2026\/04\/26\/caevoley-copa-de-primera-liniers-festejo-en-ambas-ramas-en-la-undecima-edicion\/#article","isPartOf":{"@id":"https:\/\/caeolavarria.com.ar\/index.php\/2026\/04\/26\/caevoley-copa-de-primera-liniers-festejo-en-ambas-ramas-en-la-undecima-edicion\/"},"author":{"name":"Tom\u00e1s Cachero","@id":"https:\/\/caeolavarria.com.ar\/#\/schema\/person\/b4f77f23a19fd9ceb50f457eb045d225"},"headline":"#CAEVOLEY Copa de Primera: Liniers festej\u00f3 en ambas ramas en la und\u00e9cima edici\u00f3n","datePublished":"2026-04-27T02:34:08+00:00","dateModified":"2026-04-27T03:02:08+00:00","mainEntityOfPage":{"@id":"https:\/\/caeolavarria.com.ar\/index.php\/2026\/04\/26\/caevoley-copa-de-primera-liniers-festejo-en-ambas-ramas-en-la-undecima-edicion\/"},"wordCount":446,"commentCount":0,"publisher":{"@id":"https:\/\/caeolavarria.com.ar\/#organization"},"image":{"@id":"https:\/\/caeolavarria.com.ar\/index.php\/2026\/04\/26\/caevoley-copa-de-primera-liniers-festejo-en-ambas-ramas-en-la-undecima-edicion\/#primaryimage"},"thumbnailUrl":"https:\/\/caeolavarria.com.ar\/wp-content\/uploads\/2026\/04\/Voley-5.jpg","articleSection":["Noticias","V\u00f3ley"],"inLanguage":"es-AR","potentialAction":[{"@type":"CommentAction","name":"Comment","target":["https:\/\/caeolavarria.com.ar\/index.php\/2026\/04\/26\/caevoley-copa-de-primera-liniers-festejo-en-ambas-ramas-en-la-undecima-edicion\/#respond"]}]},{"@type":"WebPage","@id":"https:\/\/caeolavarria.com.ar\/index.php\/2026\/04\/26\/caevoley-copa-de-primera-liniers-festejo-en-ambas-ramas-en-la-undecima-edicion\/","url":"https:\/\/caeolavarria.com.ar\/index.php\/2026\/04\/26\/caevoley-copa-de-primera-liniers-festejo-en-ambas-ramas-en-la-undecima-edicion\/","name":"#CAEVOLEY Copa de Primera: Liniers festej\u00f3 en ambas ramas en la und\u00e9cima edici\u00f3n - Club Atl\u00e9tico Estudiantes de Olavarr\u00eda | Sitio oficial","isPartOf":{"@id":"https:\/\/caeolavarria.com.ar\/#website"},"primaryImageOfPage":{"@id":"https:\/\/caeolavarria.com.ar\/index.php\/2026\/04\/26\/caevoley-copa-de-primera-liniers-festejo-en-ambas-ramas-en-la-undecima-edicion\/#primaryimage"},"image":{"@id":"https:\/\/caeolavarria.com.ar\/index.php\/2026\/04\/26\/caevoley-copa-de-primera-liniers-festejo-en-ambas-ramas-en-la-undecima-edicion\/#primaryimage"},"thumbnailUrl":"https:\/\/caeolavarria.com.ar\/wp-content\/uploads\/2026\/04\/Voley-5.jpg","datePublished":"2026-04-27T02:34:08+00:00","dateModified":"2026-04-27T03:02:08+00:00","breadcrumb":{"@id":"https:\/\/caeolavarria.com.ar\/index.php\/2026\/04\/26\/caevoley-copa-de-primera-liniers-festejo-en-ambas-ramas-en-la-undecima-edicion\/#breadcrumb"},"inLanguage":"es-AR","potentialAction":[{"@type":"ReadAction","target":["https:\/\/caeolavarria.com.ar\/index.php\/2026\/04\/26\/caevoley-copa-de-primera-liniers-festejo-en-ambas-ramas-en-la-undecima-edicion\/"]}]},{"@type":"ImageObject","inLanguage":"es-AR","@id":"https:\/\/caeolavarria.com.ar\/index.php\/2026\/04\/26\/caevoley-copa-de-primera-liniers-festejo-en-ambas-ramas-en-la-undecima-edicion\/#primaryimage","url":"https:\/\/caeolavarria.com.ar\/wp-content\/uploads\/2026\/04\/Voley-5.jpg","contentUrl":"https:\/\/caeolavarria.com.ar\/wp-content\/uploads\/2026\/04\/Voley-5.jpg","width":2500,"height":1500},{"@type":"BreadcrumbList","@id":"https:\/\/caeolavarria.com.ar\/index.php\/2026\/04\/26\/caevoley-copa-de-primera-liniers-festejo-en-ambas-ramas-en-la-undecima-edicion\/#breadcrumb","itemListElement":[{"@type":"ListItem","position":1,"name":"Inicio","item":"https:\/\/caeolavarria.com.ar\/"},{"@type":"ListItem","position":2,"name":"#CAEVOLEY Copa de Primera: Liniers festej\u00f3 en ambas ramas en la und\u00e9cima edici\u00f3n"}]},{"@type":"WebSite","@id":"https:\/\/caeolavarria.com.ar\/#website","url":"https:\/\/caeolavarria.com.ar\/","name":"Club Atl\u00e9tico Estudiantes de Olavarr\u00eda | Sitio oficial","description":"","publisher":{"@id":"https:\/\/caeolavarria.com.ar\/#organization"},"potentialAction":[{"@type":"SearchAction","target":{"@type":"EntryPoint","urlTemplate":"https:\/\/caeolavarria.com.ar\/?s={search_term_string}"},"query-input":{"@type":"PropertyValueSpecification","valueRequired":true,"valueName":"search_term_string"}}],"inLanguage":"es-AR"},{"@type":"Organization","@id":"https:\/\/caeolavarria.com.ar\/#organization","name":"Club Atl\u00e9tico Estudiantes de Olavarr\u00eda","url":"https:\/\/caeolavarria.com.ar\/","logo":{"@type":"ImageObject","inLanguage":"es-AR","@id":"https:\/\/caeolavarria.com.ar\/#\/schema\/logo\/image\/","url":"https:\/\/caeolavarria.com.ar\/wp-content\/uploads\/2025\/03\/logo-banco_Mesa-de-trabajo-1.png","contentUrl":"https:\/\/caeolavarria.com.ar\/wp-content\/uploads\/2025\/03\/logo-banco_Mesa-de-trabajo-1.png","width":1355,"height":1355,"caption":"Club Atl\u00e9tico Estudiantes de Olavarr\u00eda"},"image":{"@id":"https:\/\/caeolavarria.com.ar\/#\/schema\/logo\/image\/"},"sameAs":["https:\/\/www.facebook.com\/caeolavarria","https:\/\/x.com\/CAEOlavarria","https:\/\/www.instagram.com\/estudiantesolavarria\/"]},{"@type":"Person","@id":"https:\/\/caeolavarria.com.ar\/#\/schema\/person\/b4f77f23a19fd9ceb50f457eb045d225","name":"Tom\u00e1s Cachero","image":{"@type":"ImageObject","inLanguage":"es-AR","@id":"https:\/\/secure.gravatar.com\/avatar\/1c018d6d2f8a0ca9fd9a94335020132e2679e65ae849bfe0bf59d9af535750e9?s=96&d=mm&r=g","url":"https:\/\/secure.gravatar.com\/avatar\/1c018d6d2f8a0ca9fd9a94335020132e2679e65ae849bfe0bf59d9af535750e9?s=96&d=mm&r=g","contentUrl":"https:\/\/secure.gravatar.com\/avatar\/1c018d6d2f8a0ca9fd9a94335020132e2679e65ae849bfe0bf59d9af535750e9?s=96&d=mm&r=g","caption":"Tom\u00e1s Cachero"},"url":"https:\/\/caeolavarria.com.ar\/index.php\/author\/tcachero\/"}]}},"_links":{"self":[{"href":"https:\/\/caeolavarria.com.ar\/index.php\/wp-json\/wp\/v2\/posts\/8486","targetHints":{"allow":["GET"]}}],"collection":[{"href":"https:\/\/caeolavarria.com.ar\/index.php\/wp-json\/wp\/v2\/posts"}],"about":[{"href":"https:\/\/caeolavarria.com.ar\/index.php\/wp-json\/wp\/v2\/types\/post"}],"author":[{"embeddable":true,"href":"https:\/\/caeolavarria.com.ar\/index.php\/wp-json\/wp\/v2\/users\/3"}],"replies":[{"embeddable":true,"href":"https:\/\/caeolavarria.com.ar\/index.php\/wp-json\/wp\/v2\/comments?post=8486"}],"version-history":[{"count":5,"href":"https:\/\/caeolavarria.com.ar\/index.php\/wp-json\/wp\/v2\/posts\/8486\/revisions"}],"predecessor-version":[{"id":8493,"href":"https:\/\/caeolavarria.com.ar\/index.php\/wp-json\/wp\/v2\/posts\/8486\/revisions\/8493"}],"wp:featuredmedia":[{"embeddable":true,"href":"https:\/\/caeolavarria.com.ar\/index.php\/wp-json\/wp\/v2\/media\/8488"}],"wp:attachment":[{"href":"https:\/\/caeolavarria.com.ar\/index.php\/wp-json\/wp\/v2\/media?parent=8486"}],"wp:term":[{"taxonomy":"category","embeddable":true,"href":"https:\/\/caeolavarria.com.ar\/index.php\/wp-json\/wp\/v2\/categories?post=8486"},{"taxonomy":"post_tag","embeddable":true,"href":"https:\/\/caeolavarria.com.ar\/index.php\/wp-json\/wp\/v2\/tags?post=8486"}],"curies":[{"name":"wp","href":"https:\/\/api.w.org\/{rel}","templated":true}]}}