{"id":8510,"date":"2026-04-30T00:09:30","date_gmt":"2026-04-30T03:09:30","guid":{"rendered":"https:\/\/caeolavarria.com.ar\/?p=8510"},"modified":"2026-04-30T00:10:00","modified_gmt":"2026-04-30T03:10:00","slug":"caeinstitucional-se-viene-el-finde-mira-la-agenda-y-anda-a-alentar","status":"publish","type":"post","link":"https:\/\/caeolavarria.com.ar\/index.php\/2026\/04\/30\/caeinstitucional-se-viene-el-finde-mira-la-agenda-y-anda-a-alentar\/","title":{"rendered":"#CAEINSTITUCIONAL Se viene el finde: mir\u00e1 la agenda y and\u00e1 a alentar"},"content":{"rendered":"<p data-start=\"0\" data-end=\"300\">En el inicio de un fin de semana largo cargado de actividad, el Club se prepara para vivir una agenda intensa de competencia. Desde este jueves por la noche, con la presentaci\u00f3n por la Liga Federal, y a lo largo de los d\u00edas <strong>1, 2 y 3 de mayo<\/strong>, nuestros equipos saldr\u00e1n a escena en distintos escenarios.<\/p>\n<p data-start=\"302\" data-end=\"427\" data-is-last-node=\"\" data-is-only-node=\"\">Invitamos a toda la familia albinegra a acompa\u00f1ar y alentar a nuestros deportistas, siendo parte fundamental en cada jornada.<!--more--><\/p>\n<p data-start=\"302\" data-end=\"427\" data-is-last-node=\"\" data-is-only-node=\"\"><strong>AGENDA COMPLETA:<\/strong><\/p>\n<p><span style=\"font-weight: 400;\">\ud835\udc15\ud835\udc08\ud835\udc04\ud835\udc11\ud835\udc0d\ud835\udc04\ud835\udc12 1\/5<\/span><\/p>\n<p><span style=\"font-weight: 400;\">Vamos a alentar al Bata!<\/span><\/p>\n<p><span style=\"font-weight: 400;\">\ud835\uddd5\ud835\uddd4\ud835\udde6\ud835\udde4\ud835\udde8\ud835\uddd8\ud835\udde7<\/span><\/p>\n<p><span style=\"font-weight: 400;\">Torneo Pre-Federal Femenino &#8211; Fecha 7<\/span><\/p>\n<p><span style=\"font-weight: 400;\">Rivadavia de Necochea vs Estudiantes<\/span><\/p>\n<p><span style=\"font-weight: 400;\">En Necochea<\/span><\/p>\n<p><span style=\"font-weight: 400;\">Cadetes U15 &#8211; 12h<\/span><\/p>\n<p><span style=\"font-weight: 400;\">Juveniles U17 &#8211; 14h<\/span><\/p>\n<p><span style=\"font-weight: 400;\">Torneo Apertura &#8211; Primera Divisi\u00f3n &#8211; Fecha 3<\/span><\/p>\n<p><span style=\"font-weight: 400;\">Estudiantes vs Chacarita (A)<\/span><\/p>\n<p><span style=\"font-weight: 400;\">En Maxigimnasio &#8211; 19:30h<\/span><\/p>\n<p><span style=\"font-weight: 400;\">\ud835\uddda\ud835\udde2\ud835\udddf\ud835\uddd9<\/span><\/p>\n<p><span style=\"font-weight: 400;\">Campeonato del Club Individual por Golpes (Medal Play 54 hoyos) Copa \u201cMemorial Francisco Lamas\u201d<\/span><\/p>\n<p><span style=\"font-weight: 400;\">Primeros 18 hoyos<\/span><\/p>\n<p><span style=\"font-weight: 400;\">Salidas desde 9:10h<\/span><\/p>\n<p><span style=\"font-weight: 400;\">\ud835\udddb\ud835\uddd4\ud835\udde1\ud835\uddd7\ud835\uddd5\ud835\uddd4\ud835\udddf\ud835\udddf<\/span><\/p>\n<p><span style=\"font-weight: 400;\">Torneo Apertura <\/span><a href=\"http:\/\/as.am\"><span style=\"font-weight: 400;\">As.Am<\/span><\/a><span style=\"font-weight: 400;\">.Bal<\/span><\/p>\n<p><span style=\"font-weight: 400;\">9 de Julio y E.M.H Chacabuco vs Estudiantes<\/span><\/p>\n<p><span style=\"font-weight: 400;\">En Chacabuco<\/span><\/p>\n<p><span style=\"font-weight: 400;\">Cadetes Femenino &#8211; 9:30h<\/span><\/p>\n<p><span style=\"font-weight: 400;\">Menores Masculino &#8211; 10:45h<\/span><\/p>\n<p><span style=\"font-weight: 400;\">Infantiles Masculino &#8211; 12h<\/span><\/p>\n<p><span style=\"font-weight: 400;\">Juveniles Masculino &#8211; 13h<\/span><\/p>\n<p><span style=\"font-weight: 400;\">Menores Femenino &#8211; 14:30h<\/span><\/p>\n<p><span style=\"font-weight: 400;\">Cadetes Masculino A &#8211; 15:45h<\/span><\/p>\n<p><span style=\"font-weight: 400;\">Alevines Masculino &#8211; 17h<\/span><\/p>\n<p><span style=\"font-weight: 400;\">Juveniles Femenino &#8211; 18:15h<\/span><\/p>\n<p><span style=\"font-weight: 400;\">Cadetes Masculino B &#8211; 19:45h<\/span><\/p>\n<p><span style=\"font-weight: 400;\">Primera Masculina &#8211; 21h<\/span><\/p>\n<p><span style=\"font-weight: 400;\">\ud835\udddb\ud835\udddc\ud835\udde3\ud835\udddc\ud835\udde6\ud835\udde0\ud835\udde2<\/span><\/p>\n<p><span style=\"font-weight: 400;\">Torneo Federal en Pista de Estudiantes<\/span><\/p>\n<p><span style=\"font-weight: 400;\">Ambientaci\u00f3n y reconocimiento desde 12h<\/span><\/p>\n<p><span style=\"font-weight: 400;\">\ud835\udddb\ud835\udde2\ud835\uddd6\ud835\uddde\ud835\uddd8\ud835\uddec<\/span><\/p>\n<p><span style=\"font-weight: 400;\">Encuentro Infantil Sub 6 a Sub 12 Damas y Caballeros<\/span><\/p>\n<p><span style=\"font-weight: 400;\">Estudiantes recibe a Chacarita de Azul y Ferroviario de Hinojo<\/span><\/p>\n<p><span style=\"font-weight: 400;\">En cancha de Estudiantes de 10:30 a 14h<\/span><\/p>\n<p><span style=\"font-weight: 400;\">\ud835\udde5\ud835\udde8\ud835\uddda\ud835\uddd5\ud835\uddec<\/span><\/p>\n<p><span style=\"font-weight: 400;\">Intercentro UROBA<\/span><\/p>\n<p><span style=\"font-weight: 400;\">13 albinegros convocados<\/span><\/p>\n<p><span style=\"font-weight: 400;\">En Bol\u00edvar desde 10:30h<\/span><\/p>\n<p><span style=\"font-weight: 400;\">\ud835\udde9\ud835\udde2\ud835\udddf\ud835\uddd8\ud835\uddec<\/span><\/p>\n<p><span style=\"font-weight: 400;\">Lica Local AOV Sub 14 y Sub 18<\/span><\/p>\n<p><span style=\"font-weight: 400;\">Participa Estudiantes con 4 equipos<\/span><\/p>\n<p><span style=\"font-weight: 400;\">En Benito Ju\u00e1rez desde 11:30h<\/span><\/p>\n<h3><strong>\ud835\udc12\ud835\udc00\ud835\udc01\ud835\udc00\ud835\udc03\ud835\udc0e 2\/5<\/strong><\/h3>\n<p><span style=\"font-weight: 400;\">Vamos a alentar al Bata!<\/span><\/p>\n<p><span style=\"font-weight: 400;\">\ud835\uddd5\ud835\uddd4\ud835\udde6\ud835\udde4\ud835\udde8\ud835\uddd8\ud835\udde7<\/span><\/p>\n<p><span style=\"font-weight: 400;\">Torneo Pre-Federal Femenino &#8211; Fecha 8<\/span><\/p>\n<p><span style=\"font-weight: 400;\">Estudiantes vs Uni\u00f3n y Progreso de Tandil<\/span><\/p>\n<p><span style=\"font-weight: 400;\">Cadetes U15 &#8211; 11h<\/span><\/p>\n<p><span style=\"font-weight: 400;\">Torneo Pre-Federal Masculino &#8211; Fecha 12<\/span><\/p>\n<p><span style=\"font-weight: 400;\">Argentino (BB) vs Estudiantes<\/span><\/p>\n<p><span style=\"font-weight: 400;\">En Bah\u00eda Blanca<\/span><\/p>\n<p><span style=\"font-weight: 400;\">Juveniles U17 &#8211; 13h<\/span><\/p>\n<p><span style=\"font-weight: 400;\">Infantiles U13 &#8211; 15h<\/span><\/p>\n<p><span style=\"font-weight: 400;\">Estudiantes (BB) vs Estudiantes &#8211; Fecha 4<\/span><\/p>\n<p><span style=\"font-weight: 400;\">En Bah\u00eda Blanca<\/span><\/p>\n<p><span style=\"font-weight: 400;\">Cadetes U15 &#8211; 17h<\/span><\/p>\n<p><span style=\"font-weight: 400;\">Juveniles U17 &#8211; 19h<\/span><\/p>\n<p><span style=\"font-weight: 400;\">\ud835\uddd9\ud835\udde8\ud835\udde7\ud835\uddd5\ud835\udde2\ud835\udddf<\/span><\/p>\n<p><span style=\"font-weight: 400;\">Torneo Apertura Inferiores LFO &#8211; Fecha 7<\/span><\/p>\n<p><span style=\"font-weight: 400;\">Estudiantes vs San Mart\u00edn (SB)<\/span><\/p>\n<p><span style=\"font-weight: 400;\">En cancha de Estudiantes<\/span><\/p>\n<p><span style=\"font-weight: 400;\">Quinta &#8211; 12h<\/span><\/p>\n<p><span style=\"font-weight: 400;\">Sexta &#8211; 13:30h<\/span><\/p>\n<p><span style=\"font-weight: 400;\">Octava &#8211; 15h<\/span><\/p>\n<p><span style=\"font-weight: 400;\">D\u00e9cima &#8211; 16:15h<\/span><\/p>\n<p><span style=\"font-weight: 400;\">Torneo Apertura Formativas Femenino &#8211; Fecha 7<\/span><\/p>\n<p><span style=\"font-weight: 400;\">Sub 15:<\/span><\/p>\n<p><span style=\"font-weight: 400;\">El Fort\u00edn vs Estudiantes<\/span><\/p>\n<p><span style=\"font-weight: 400;\">En El Fort\u00edn &#8211; 15:30h<\/span><\/p>\n<p><span style=\"font-weight: 400;\">\ud835\uddda\ud835\udde2\ud835\udddf\ud835\uddd9<\/span><\/p>\n<p><span style=\"font-weight: 400;\">Campeonato del Club Individual por Golpes (Medal Play 54 hoyos) Copa \u201cMemorial Francisco Lamas\u201d<\/span><\/p>\n<p><span style=\"font-weight: 400;\">Segundos 18 hoyos<\/span><\/p>\n<p><span style=\"font-weight: 400;\">Salidas desde 9:10h<\/span><\/p>\n<p><span style=\"font-weight: 400;\">\ud835\udddb\ud835\uddd4\ud835\udde1\ud835\uddd7\ud835\uddd5\ud835\uddd4\ud835\udddf\ud835\udddf<\/span><\/p>\n<p><span style=\"font-weight: 400;\">Torneo Apertura <\/span><a href=\"http:\/\/as.am\"><span style=\"font-weight: 400;\">As.Am<\/span><\/a><span style=\"font-weight: 400;\">.Bal (Recupero fecha 1)<\/span><\/p>\n<p><span style=\"font-weight: 400;\">Riestra vs Estudiantes<\/span><\/p>\n<p><span style=\"font-weight: 400;\">En Riestra<\/span><\/p>\n<p><span style=\"font-weight: 400;\">Cancha 1<\/span><\/p>\n<p><span style=\"font-weight: 400;\">Menores Masculino &#8211; 9h<\/span><\/p>\n<p><span style=\"font-weight: 400;\">Cadetes Femenino &#8211; 10h<\/span><\/p>\n<p><span style=\"font-weight: 400;\">Cadetes masculino A &#8211; 11h<\/span><\/p>\n<p><span style=\"font-weight: 400;\">Juveniles Femenino &#8211; 12h<\/span><\/p>\n<p><span style=\"font-weight: 400;\">Cadetes Masculino B &#8211; 13:30h<\/span><\/p>\n<p><span style=\"font-weight: 400;\">Mayores Femenino &#8211; 15h<\/span><\/p>\n<p><span style=\"font-weight: 400;\">Juveniles Masculino &#8211; 16:30h<\/span><\/p>\n<p><span style=\"font-weight: 400;\">Cancha 2<\/span><\/p>\n<p><span style=\"font-weight: 400;\">Infantiles Mixto &#8211; 11h<\/span><\/p>\n<p><span style=\"font-weight: 400;\">Alevines Masculino &#8211; 12h<\/span><\/p>\n<p><span style=\"font-weight: 400;\">Alevines Femenino &#8211; 13h<\/span><\/p>\n<p><span style=\"font-weight: 400;\">\ud835\udddb\ud835\udddc\ud835\udde3\ud835\udddc\ud835\udde6\ud835\udde0\ud835\udde2<\/span><\/p>\n<p><span style=\"font-weight: 400;\">Torneo Federal en Pista de Estudiantes<\/span><\/p>\n<p><span style=\"font-weight: 400;\">Competencia de pasadas desde 9h<\/span><\/p>\n<p><span style=\"font-weight: 400;\">\ud835\udddb\ud835\udde2\ud835\uddd6\ud835\uddde\ud835\uddd8\ud835\uddec<\/span><\/p>\n<p><span style=\"font-weight: 400;\">Torneo FTH Damas<\/span><\/p>\n<p><span style=\"font-weight: 400;\">Estudiantes vs UNCAS (T)<\/span><\/p>\n<p><span style=\"font-weight: 400;\">En Estudiantes<\/span><\/p>\n<p><span style=\"font-weight: 400;\">Sub 14 &#8211; 10:30h<\/span><\/p>\n<p><span style=\"font-weight: 400;\">Sub 12 &#8211; 12h<\/span><\/p>\n<p><span style=\"font-weight: 400;\">Sub 16 &#8211; 13h<\/span><\/p>\n<p><span style=\"font-weight: 400;\">Sub 19 &#8211; 14:30h<\/span><\/p>\n<p><span style=\"font-weight: 400;\">Primera &#8211; 16h<\/span><\/p>\n<p>&nbsp;<\/p>\n<h3><strong>\ud835\udc03\ud835\udc0e\ud835\udc0c\ud835\udc08\ud835\udc0d\ud835\udc06\ud835\udc0e 26\/4<\/strong><\/h3>\n<p><span style=\"font-weight: 400;\">Vamos a alentar al Bata!<\/span><\/p>\n<p><span style=\"font-weight: 400;\">\ud835\uddd5\ud835\uddd4\ud835\udde6\ud835\udde4\ud835\udde8\ud835\uddd8\ud835\udde7<\/span><\/p>\n<p><span style=\"font-weight: 400;\">Torneo Pre-Federal de Mayores Femenino &#8211; Fecha 4<\/span><\/p>\n<p><span style=\"font-weight: 400;\">Hogar Social vs Estudiantes<\/span><\/p>\n<p><span style=\"font-weight: 400;\">En Berisso &#8211; 19h\u00a0<\/span><\/p>\n<p><span style=\"font-weight: 400;\">\ud835\uddd9\ud835\udde8\ud835\udde7\ud835\uddd5\ud835\udde2\ud835\udddf<\/span><\/p>\n<p><span style=\"font-weight: 400;\">Torneo Interligas &#8211; Fecha 9<\/span><\/p>\n<p><span style=\"font-weight: 400;\">Racing (LM) vs Estudiantes\u00a0<\/span><\/p>\n<p><span style=\"font-weight: 400;\">En La Madrid<\/span><\/p>\n<p><span style=\"font-weight: 400;\">Reserva &#8211; 13:30h<\/span><\/p>\n<p><span style=\"font-weight: 400;\">Primera &#8211; 15:30h<\/span><\/p>\n<p><span style=\"font-weight: 400;\">Torneo de Alevines<\/span><\/p>\n<p><span style=\"font-weight: 400;\">Estudiantes vs Embajadores<\/span><\/p>\n<p><span style=\"font-weight: 400;\">En Predio CAE desde 11h<\/span><\/p>\n<p><span style=\"font-weight: 400;\">\ud835\uddda\ud835\udde2\ud835\udddf\ud835\uddd9<\/span><\/p>\n<p><span style=\"font-weight: 400;\">Campeonato del Club Individual por Golpes (Medal Play 54 hoyos) Copa \u201cMemorial Francisco Lamas\u201d<\/span><\/p>\n<p><span style=\"font-weight: 400;\">\u00daltimos 18 hoyos<\/span><\/p>\n<p><span style=\"font-weight: 400;\">Salidas desde 9:10h<\/span><\/p>\n<p><span style=\"font-weight: 400;\">\ud835\udddb\ud835\uddd4\ud835\udde1\ud835\uddd7\ud835\uddd5\ud835\uddd4\ud835\udddf\ud835\udddf<\/span><\/p>\n<p><span style=\"font-weight: 400;\">Copa Ciudad de Olavarr\u00eda &#8211; Fecha 1<\/span><\/p>\n<p><span style=\"font-weight: 400;\">Primera Femenina y Masculina<\/span><\/p>\n<p><span style=\"font-weight: 400;\">En Macrogimnasio<\/span><\/p>\n<p><span style=\"font-weight: 400;\">Masculino:<\/span><\/p>\n<p><span style=\"font-weight: 400;\">Estudiantes vs Manguera &#8211; 12h<\/span><\/p>\n<p><span style=\"font-weight: 400;\">Estudiantes vs Universitario &#8211; 16h<\/span><\/p>\n<p><span style=\"font-weight: 400;\">Femenino:<\/span><\/p>\n<p><span style=\"font-weight: 400;\">Estudiantes vs CEF 35 &#8211; 14h<\/span><\/p>\n<p><span style=\"font-weight: 400;\">\ud835\udddb\ud835\udddc\ud835\udde3\ud835\udddc\ud835\udde6\ud835\udde0\ud835\udde2<\/span><\/p>\n<p><span style=\"font-weight: 400;\">Torneo Federal en Pista de Estudiantes<\/span><\/p>\n<p><span style=\"font-weight: 400;\">Continuidad de pruebas desde 9h<\/span><\/p>\n<p><span style=\"font-weight: 400;\">Sobre el cierre, el gran premio alrededor de 17h<\/span><\/p>\n<p><span style=\"font-weight: 400;\">\ud835\udddb\ud835\udde2\ud835\uddd6\ud835\uddde\ud835\uddd8\ud835\uddec<\/span><\/p>\n<p><span style=\"font-weight: 400;\">Torneo FTH Caballeros<\/span><\/p>\n<p><span style=\"font-weight: 400;\">Estudiantes vs Remo<\/span><\/p>\n<p><span style=\"font-weight: 400;\">En cancha de Estudiantes<\/span><\/p>\n<p><span style=\"font-weight: 400;\">Sub 14 &#8211; 13:30h<\/span><\/p>\n<p><span style=\"font-weight: 400;\">Sub 12 &#8211; 15h<\/span><\/p>\n<p><span style=\"font-weight: 400;\">Primera &#8211; 16h<\/span><\/p>\n<p><span style=\"font-weight: 400;\">\ud835\udde9\ud835\udde2\ud835\udddf\ud835\uddd8\ud835\uddec<\/span><\/p>\n<p><span style=\"font-weight: 400;\">Torneo Intermedia AOV<\/span><\/p>\n<p><span style=\"font-weight: 400;\">En Minigimnasio<\/span><\/p>\n<p><span style=\"font-weight: 400;\">Estudiantes vs RAC Blanco &#8211; 12h<\/span><\/p>\n<p><span style=\"font-weight: 400;\">Estudiantes vs Hinojo &#8211; 14h<\/span><\/p>\n<p><span style=\"font-weight: 400;\">Estudiantes vs Velocidad y Resistencia<\/span><\/p>\n<p><span style=\"font-weight: 400;\">Torneo Maxi V\u00f3ley AOV<\/span><\/p>\n<p><span style=\"font-weight: 400;\">En Ampliaci\u00f3n de Mini<\/span><\/p>\n<p><span style=\"font-weight: 400;\">Estudiantes vs M. Moreno Amarillo &#8211; 12h<\/span><\/p>\n<p><span style=\"font-weight: 400;\">Estudiantes vs RAC Blanco &#8211; 14h<\/span><\/p>\n<p><span style=\"font-weight: 400;\">En M. Moreno<\/span><\/p>\n<p><span style=\"font-weight: 400;\">Estudiantes vs M. Moreno Verde &#8211; 17h<\/span><\/p>\n","protected":false},"excerpt":{"rendered":"<p>En el inicio de un fin de semana largo cargado  [&#8230;]<\/p>\n","protected":false},"author":3,"featured_media":8512,"comment_status":"open","ping_status":"open","sticky":false,"template":"","format":"standard","meta":{"_acf_changed":false,"_bbp_topic_count":0,"_bbp_reply_count":0,"_bbp_total_topic_count":0,"_bbp_total_reply_count":0,"_bbp_voice_count":0,"_bbp_anonymous_reply_count":0,"_bbp_topic_count_hidden":0,"_bbp_reply_count_hidden":0,"_bbp_forum_subforum_count":0,"content-type":"","footnotes":""},"categories":[84,62],"tags":[],"class_list":["post-8510","post","type-post","status-publish","format-standard","has-post-thumbnail","hentry","category-institucional","category-noticias"],"acf":[],"yoast_head":"<!-- This site is optimized with the Yoast SEO plugin v27.2 - https:\/\/yoast.com\/product\/yoast-seo-wordpress\/ -->\n<title>#CAEINSTITUCIONAL Se viene el finde: mir\u00e1 la agenda y and\u00e1 a alentar - Club Atl\u00e9tico Estudiantes de Olavarr\u00eda | Sitio oficial<\/title>\n<meta name=\"robots\" content=\"index, follow, max-snippet:-1, max-image-preview:large, max-video-preview:-1\" \/>\n<link rel=\"canonical\" href=\"https:\/\/caeolavarria.com.ar\/index.php\/2026\/04\/30\/caeinstitucional-se-viene-el-finde-mira-la-agenda-y-anda-a-alentar\/\" \/>\n<meta property=\"og:locale\" content=\"es_ES\" \/>\n<meta property=\"og:type\" content=\"article\" \/>\n<meta property=\"og:title\" content=\"#CAEINSTITUCIONAL Se viene el finde: mir\u00e1 la agenda y and\u00e1 a alentar - Club Atl\u00e9tico Estudiantes de Olavarr\u00eda | Sitio oficial\" \/>\n<meta property=\"og:description\" content=\"En el inicio de un fin de semana largo cargado [...]\" \/>\n<meta property=\"og:url\" content=\"https:\/\/caeolavarria.com.ar\/index.php\/2026\/04\/30\/caeinstitucional-se-viene-el-finde-mira-la-agenda-y-anda-a-alentar\/\" \/>\n<meta property=\"og:site_name\" content=\"Club Atl\u00e9tico Estudiantes de Olavarr\u00eda | Sitio oficial\" \/>\n<meta property=\"article:publisher\" content=\"https:\/\/www.facebook.com\/caeolavarria\" \/>\n<meta property=\"article:published_time\" content=\"2026-04-30T03:09:30+00:00\" \/>\n<meta property=\"article:modified_time\" content=\"2026-04-30T03:10:00+00:00\" \/>\n<meta property=\"og:image\" content=\"https:\/\/caeolavarria.com.ar\/wp-content\/uploads\/2026\/04\/Agenda-Web.jpg\" \/>\n\t<meta property=\"og:image:width\" content=\"2500\" \/>\n\t<meta property=\"og:image:height\" content=\"1500\" \/>\n\t<meta property=\"og:image:type\" content=\"image\/jpeg\" \/>\n<meta name=\"author\" content=\"Tom\u00e1s Cachero\" \/>\n<meta name=\"twitter:card\" content=\"summary_large_image\" \/>\n<meta name=\"twitter:creator\" content=\"@CAEOlavarria\" \/>\n<meta name=\"twitter:site\" content=\"@CAEOlavarria\" \/>\n<meta name=\"twitter:label1\" content=\"Escrito por\" \/>\n\t<meta name=\"twitter:data1\" content=\"Tom\u00e1s Cachero\" \/>\n\t<meta name=\"twitter:label2\" content=\"Tiempo de lectura\" \/>\n\t<meta name=\"twitter:data2\" content=\"4 minutos\" \/>\n<script type=\"application\/ld+json\" class=\"yoast-schema-graph\">{\"@context\":\"https:\/\/schema.org\",\"@graph\":[{\"@type\":\"Article\",\"@id\":\"https:\/\/caeolavarria.com.ar\/index.php\/2026\/04\/30\/caeinstitucional-se-viene-el-finde-mira-la-agenda-y-anda-a-alentar\/#article\",\"isPartOf\":{\"@id\":\"https:\/\/caeolavarria.com.ar\/index.php\/2026\/04\/30\/caeinstitucional-se-viene-el-finde-mira-la-agenda-y-anda-a-alentar\/\"},\"author\":{\"name\":\"Tom\u00e1s Cachero\",\"@id\":\"https:\/\/caeolavarria.com.ar\/#\/schema\/person\/b4f77f23a19fd9ceb50f457eb045d225\"},\"headline\":\"#CAEINSTITUCIONAL Se viene el finde: mir\u00e1 la agenda y and\u00e1 a alentar\",\"datePublished\":\"2026-04-30T03:09:30+00:00\",\"dateModified\":\"2026-04-30T03:10:00+00:00\",\"mainEntityOfPage\":{\"@id\":\"https:\/\/caeolavarria.com.ar\/index.php\/2026\/04\/30\/caeinstitucional-se-viene-el-finde-mira-la-agenda-y-anda-a-alentar\/\"},\"wordCount\":677,\"commentCount\":0,\"publisher\":{\"@id\":\"https:\/\/caeolavarria.com.ar\/#organization\"},\"image\":{\"@id\":\"https:\/\/caeolavarria.com.ar\/index.php\/2026\/04\/30\/caeinstitucional-se-viene-el-finde-mira-la-agenda-y-anda-a-alentar\/#primaryimage\"},\"thumbnailUrl\":\"https:\/\/caeolavarria.com.ar\/wp-content\/uploads\/2026\/04\/Agenda-Web.jpg\",\"articleSection\":[\"Institucional\",\"Noticias\"],\"inLanguage\":\"es-AR\",\"potentialAction\":[{\"@type\":\"CommentAction\",\"name\":\"Comment\",\"target\":[\"https:\/\/caeolavarria.com.ar\/index.php\/2026\/04\/30\/caeinstitucional-se-viene-el-finde-mira-la-agenda-y-anda-a-alentar\/#respond\"]}]},{\"@type\":\"WebPage\",\"@id\":\"https:\/\/caeolavarria.com.ar\/index.php\/2026\/04\/30\/caeinstitucional-se-viene-el-finde-mira-la-agenda-y-anda-a-alentar\/\",\"url\":\"https:\/\/caeolavarria.com.ar\/index.php\/2026\/04\/30\/caeinstitucional-se-viene-el-finde-mira-la-agenda-y-anda-a-alentar\/\",\"name\":\"#CAEINSTITUCIONAL Se viene el finde: mir\u00e1 la agenda y and\u00e1 a alentar - Club Atl\u00e9tico Estudiantes de Olavarr\u00eda | Sitio oficial\",\"isPartOf\":{\"@id\":\"https:\/\/caeolavarria.com.ar\/#website\"},\"primaryImageOfPage\":{\"@id\":\"https:\/\/caeolavarria.com.ar\/index.php\/2026\/04\/30\/caeinstitucional-se-viene-el-finde-mira-la-agenda-y-anda-a-alentar\/#primaryimage\"},\"image\":{\"@id\":\"https:\/\/caeolavarria.com.ar\/index.php\/2026\/04\/30\/caeinstitucional-se-viene-el-finde-mira-la-agenda-y-anda-a-alentar\/#primaryimage\"},\"thumbnailUrl\":\"https:\/\/caeolavarria.com.ar\/wp-content\/uploads\/2026\/04\/Agenda-Web.jpg\",\"datePublished\":\"2026-04-30T03:09:30+00:00\",\"dateModified\":\"2026-04-30T03:10:00+00:00\",\"breadcrumb\":{\"@id\":\"https:\/\/caeolavarria.com.ar\/index.php\/2026\/04\/30\/caeinstitucional-se-viene-el-finde-mira-la-agenda-y-anda-a-alentar\/#breadcrumb\"},\"inLanguage\":\"es-AR\",\"potentialAction\":[{\"@type\":\"ReadAction\",\"target\":[\"https:\/\/caeolavarria.com.ar\/index.php\/2026\/04\/30\/caeinstitucional-se-viene-el-finde-mira-la-agenda-y-anda-a-alentar\/\"]}]},{\"@type\":\"ImageObject\",\"inLanguage\":\"es-AR\",\"@id\":\"https:\/\/caeolavarria.com.ar\/index.php\/2026\/04\/30\/caeinstitucional-se-viene-el-finde-mira-la-agenda-y-anda-a-alentar\/#primaryimage\",\"url\":\"https:\/\/caeolavarria.com.ar\/wp-content\/uploads\/2026\/04\/Agenda-Web.jpg\",\"contentUrl\":\"https:\/\/caeolavarria.com.ar\/wp-content\/uploads\/2026\/04\/Agenda-Web.jpg\",\"width\":2500,\"height\":1500},{\"@type\":\"BreadcrumbList\",\"@id\":\"https:\/\/caeolavarria.com.ar\/index.php\/2026\/04\/30\/caeinstitucional-se-viene-el-finde-mira-la-agenda-y-anda-a-alentar\/#breadcrumb\",\"itemListElement\":[{\"@type\":\"ListItem\",\"position\":1,\"name\":\"Inicio\",\"item\":\"https:\/\/caeolavarria.com.ar\/\"},{\"@type\":\"ListItem\",\"position\":2,\"name\":\"#CAEINSTITUCIONAL Se viene el finde: mir\u00e1 la agenda y and\u00e1 a alentar\"}]},{\"@type\":\"WebSite\",\"@id\":\"https:\/\/caeolavarria.com.ar\/#website\",\"url\":\"https:\/\/caeolavarria.com.ar\/\",\"name\":\"Club Atl\u00e9tico Estudiantes de Olavarr\u00eda | Sitio oficial\",\"description\":\"\",\"publisher\":{\"@id\":\"https:\/\/caeolavarria.com.ar\/#organization\"},\"potentialAction\":[{\"@type\":\"SearchAction\",\"target\":{\"@type\":\"EntryPoint\",\"urlTemplate\":\"https:\/\/caeolavarria.com.ar\/?s={search_term_string}\"},\"query-input\":{\"@type\":\"PropertyValueSpecification\",\"valueRequired\":true,\"valueName\":\"search_term_string\"}}],\"inLanguage\":\"es-AR\"},{\"@type\":\"Organization\",\"@id\":\"https:\/\/caeolavarria.com.ar\/#organization\",\"name\":\"Club Atl\u00e9tico Estudiantes de Olavarr\u00eda\",\"url\":\"https:\/\/caeolavarria.com.ar\/\",\"logo\":{\"@type\":\"ImageObject\",\"inLanguage\":\"es-AR\",\"@id\":\"https:\/\/caeolavarria.com.ar\/#\/schema\/logo\/image\/\",\"url\":\"https:\/\/caeolavarria.com.ar\/wp-content\/uploads\/2025\/03\/logo-banco_Mesa-de-trabajo-1.png\",\"contentUrl\":\"https:\/\/caeolavarria.com.ar\/wp-content\/uploads\/2025\/03\/logo-banco_Mesa-de-trabajo-1.png\",\"width\":1355,\"height\":1355,\"caption\":\"Club Atl\u00e9tico Estudiantes de Olavarr\u00eda\"},\"image\":{\"@id\":\"https:\/\/caeolavarria.com.ar\/#\/schema\/logo\/image\/\"},\"sameAs\":[\"https:\/\/www.facebook.com\/caeolavarria\",\"https:\/\/x.com\/CAEOlavarria\",\"https:\/\/www.instagram.com\/estudiantesolavarria\/\"]},{\"@type\":\"Person\",\"@id\":\"https:\/\/caeolavarria.com.ar\/#\/schema\/person\/b4f77f23a19fd9ceb50f457eb045d225\",\"name\":\"Tom\u00e1s Cachero\",\"image\":{\"@type\":\"ImageObject\",\"inLanguage\":\"es-AR\",\"@id\":\"https:\/\/secure.gravatar.com\/avatar\/1c018d6d2f8a0ca9fd9a94335020132e2679e65ae849bfe0bf59d9af535750e9?s=96&d=mm&r=g\",\"url\":\"https:\/\/secure.gravatar.com\/avatar\/1c018d6d2f8a0ca9fd9a94335020132e2679e65ae849bfe0bf59d9af535750e9?s=96&d=mm&r=g\",\"contentUrl\":\"https:\/\/secure.gravatar.com\/avatar\/1c018d6d2f8a0ca9fd9a94335020132e2679e65ae849bfe0bf59d9af535750e9?s=96&d=mm&r=g\",\"caption\":\"Tom\u00e1s Cachero\"},\"url\":\"https:\/\/caeolavarria.com.ar\/index.php\/author\/tcachero\/\"}]}<\/script>\n<!-- \/ Yoast SEO plugin. -->","yoast_head_json":{"title":"#CAEINSTITUCIONAL Se viene el finde: mir\u00e1 la agenda y and\u00e1 a alentar - Club Atl\u00e9tico Estudiantes de Olavarr\u00eda | Sitio oficial","robots":{"index":"index","follow":"follow","max-snippet":"max-snippet:-1","max-image-preview":"max-image-preview:large","max-video-preview":"max-video-preview:-1"},"canonical":"https:\/\/caeolavarria.com.ar\/index.php\/2026\/04\/30\/caeinstitucional-se-viene-el-finde-mira-la-agenda-y-anda-a-alentar\/","og_locale":"es_ES","og_type":"article","og_title":"#CAEINSTITUCIONAL Se viene el finde: mir\u00e1 la agenda y and\u00e1 a alentar - Club Atl\u00e9tico Estudiantes de Olavarr\u00eda | Sitio oficial","og_description":"En el inicio de un fin de semana largo cargado [...]","og_url":"https:\/\/caeolavarria.com.ar\/index.php\/2026\/04\/30\/caeinstitucional-se-viene-el-finde-mira-la-agenda-y-anda-a-alentar\/","og_site_name":"Club Atl\u00e9tico Estudiantes de Olavarr\u00eda | Sitio oficial","article_publisher":"https:\/\/www.facebook.com\/caeolavarria","article_published_time":"2026-04-30T03:09:30+00:00","article_modified_time":"2026-04-30T03:10:00+00:00","og_image":[{"width":2500,"height":1500,"url":"https:\/\/caeolavarria.com.ar\/wp-content\/uploads\/2026\/04\/Agenda-Web.jpg","type":"image\/jpeg"}],"author":"Tom\u00e1s Cachero","twitter_card":"summary_large_image","twitter_creator":"@CAEOlavarria","twitter_site":"@CAEOlavarria","twitter_misc":{"Escrito por":"Tom\u00e1s Cachero","Tiempo de lectura":"4 minutos"},"schema":{"@context":"https:\/\/schema.org","@graph":[{"@type":"Article","@id":"https:\/\/caeolavarria.com.ar\/index.php\/2026\/04\/30\/caeinstitucional-se-viene-el-finde-mira-la-agenda-y-anda-a-alentar\/#article","isPartOf":{"@id":"https:\/\/caeolavarria.com.ar\/index.php\/2026\/04\/30\/caeinstitucional-se-viene-el-finde-mira-la-agenda-y-anda-a-alentar\/"},"author":{"name":"Tom\u00e1s Cachero","@id":"https:\/\/caeolavarria.com.ar\/#\/schema\/person\/b4f77f23a19fd9ceb50f457eb045d225"},"headline":"#CAEINSTITUCIONAL Se viene el finde: mir\u00e1 la agenda y and\u00e1 a alentar","datePublished":"2026-04-30T03:09:30+00:00","dateModified":"2026-04-30T03:10:00+00:00","mainEntityOfPage":{"@id":"https:\/\/caeolavarria.com.ar\/index.php\/2026\/04\/30\/caeinstitucional-se-viene-el-finde-mira-la-agenda-y-anda-a-alentar\/"},"wordCount":677,"commentCount":0,"publisher":{"@id":"https:\/\/caeolavarria.com.ar\/#organization"},"image":{"@id":"https:\/\/caeolavarria.com.ar\/index.php\/2026\/04\/30\/caeinstitucional-se-viene-el-finde-mira-la-agenda-y-anda-a-alentar\/#primaryimage"},"thumbnailUrl":"https:\/\/caeolavarria.com.ar\/wp-content\/uploads\/2026\/04\/Agenda-Web.jpg","articleSection":["Institucional","Noticias"],"inLanguage":"es-AR","potentialAction":[{"@type":"CommentAction","name":"Comment","target":["https:\/\/caeolavarria.com.ar\/index.php\/2026\/04\/30\/caeinstitucional-se-viene-el-finde-mira-la-agenda-y-anda-a-alentar\/#respond"]}]},{"@type":"WebPage","@id":"https:\/\/caeolavarria.com.ar\/index.php\/2026\/04\/30\/caeinstitucional-se-viene-el-finde-mira-la-agenda-y-anda-a-alentar\/","url":"https:\/\/caeolavarria.com.ar\/index.php\/2026\/04\/30\/caeinstitucional-se-viene-el-finde-mira-la-agenda-y-anda-a-alentar\/","name":"#CAEINSTITUCIONAL Se viene el finde: mir\u00e1 la agenda y and\u00e1 a alentar - Club Atl\u00e9tico Estudiantes de Olavarr\u00eda | Sitio oficial","isPartOf":{"@id":"https:\/\/caeolavarria.com.ar\/#website"},"primaryImageOfPage":{"@id":"https:\/\/caeolavarria.com.ar\/index.php\/2026\/04\/30\/caeinstitucional-se-viene-el-finde-mira-la-agenda-y-anda-a-alentar\/#primaryimage"},"image":{"@id":"https:\/\/caeolavarria.com.ar\/index.php\/2026\/04\/30\/caeinstitucional-se-viene-el-finde-mira-la-agenda-y-anda-a-alentar\/#primaryimage"},"thumbnailUrl":"https:\/\/caeolavarria.com.ar\/wp-content\/uploads\/2026\/04\/Agenda-Web.jpg","datePublished":"2026-04-30T03:09:30+00:00","dateModified":"2026-04-30T03:10:00+00:00","breadcrumb":{"@id":"https:\/\/caeolavarria.com.ar\/index.php\/2026\/04\/30\/caeinstitucional-se-viene-el-finde-mira-la-agenda-y-anda-a-alentar\/#breadcrumb"},"inLanguage":"es-AR","potentialAction":[{"@type":"ReadAction","target":["https:\/\/caeolavarria.com.ar\/index.php\/2026\/04\/30\/caeinstitucional-se-viene-el-finde-mira-la-agenda-y-anda-a-alentar\/"]}]},{"@type":"ImageObject","inLanguage":"es-AR","@id":"https:\/\/caeolavarria.com.ar\/index.php\/2026\/04\/30\/caeinstitucional-se-viene-el-finde-mira-la-agenda-y-anda-a-alentar\/#primaryimage","url":"https:\/\/caeolavarria.com.ar\/wp-content\/uploads\/2026\/04\/Agenda-Web.jpg","contentUrl":"https:\/\/caeolavarria.com.ar\/wp-content\/uploads\/2026\/04\/Agenda-Web.jpg","width":2500,"height":1500},{"@type":"BreadcrumbList","@id":"https:\/\/caeolavarria.com.ar\/index.php\/2026\/04\/30\/caeinstitucional-se-viene-el-finde-mira-la-agenda-y-anda-a-alentar\/#breadcrumb","itemListElement":[{"@type":"ListItem","position":1,"name":"Inicio","item":"https:\/\/caeolavarria.com.ar\/"},{"@type":"ListItem","position":2,"name":"#CAEINSTITUCIONAL Se viene el finde: mir\u00e1 la agenda y and\u00e1 a alentar"}]},{"@type":"WebSite","@id":"https:\/\/caeolavarria.com.ar\/#website","url":"https:\/\/caeolavarria.com.ar\/","name":"Club Atl\u00e9tico Estudiantes de Olavarr\u00eda | Sitio oficial","description":"","publisher":{"@id":"https:\/\/caeolavarria.com.ar\/#organization"},"potentialAction":[{"@type":"SearchAction","target":{"@type":"EntryPoint","urlTemplate":"https:\/\/caeolavarria.com.ar\/?s={search_term_string}"},"query-input":{"@type":"PropertyValueSpecification","valueRequired":true,"valueName":"search_term_string"}}],"inLanguage":"es-AR"},{"@type":"Organization","@id":"https:\/\/caeolavarria.com.ar\/#organization","name":"Club Atl\u00e9tico Estudiantes de Olavarr\u00eda","url":"https:\/\/caeolavarria.com.ar\/","logo":{"@type":"ImageObject","inLanguage":"es-AR","@id":"https:\/\/caeolavarria.com.ar\/#\/schema\/logo\/image\/","url":"https:\/\/caeolavarria.com.ar\/wp-content\/uploads\/2025\/03\/logo-banco_Mesa-de-trabajo-1.png","contentUrl":"https:\/\/caeolavarria.com.ar\/wp-content\/uploads\/2025\/03\/logo-banco_Mesa-de-trabajo-1.png","width":1355,"height":1355,"caption":"Club Atl\u00e9tico Estudiantes de Olavarr\u00eda"},"image":{"@id":"https:\/\/caeolavarria.com.ar\/#\/schema\/logo\/image\/"},"sameAs":["https:\/\/www.facebook.com\/caeolavarria","https:\/\/x.com\/CAEOlavarria","https:\/\/www.instagram.com\/estudiantesolavarria\/"]},{"@type":"Person","@id":"https:\/\/caeolavarria.com.ar\/#\/schema\/person\/b4f77f23a19fd9ceb50f457eb045d225","name":"Tom\u00e1s Cachero","image":{"@type":"ImageObject","inLanguage":"es-AR","@id":"https:\/\/secure.gravatar.com\/avatar\/1c018d6d2f8a0ca9fd9a94335020132e2679e65ae849bfe0bf59d9af535750e9?s=96&d=mm&r=g","url":"https:\/\/secure.gravatar.com\/avatar\/1c018d6d2f8a0ca9fd9a94335020132e2679e65ae849bfe0bf59d9af535750e9?s=96&d=mm&r=g","contentUrl":"https:\/\/secure.gravatar.com\/avatar\/1c018d6d2f8a0ca9fd9a94335020132e2679e65ae849bfe0bf59d9af535750e9?s=96&d=mm&r=g","caption":"Tom\u00e1s Cachero"},"url":"https:\/\/caeolavarria.com.ar\/index.php\/author\/tcachero\/"}]}},"_links":{"self":[{"href":"https:\/\/caeolavarria.com.ar\/index.php\/wp-json\/wp\/v2\/posts\/8510","targetHints":{"allow":["GET"]}}],"collection":[{"href":"https:\/\/caeolavarria.com.ar\/index.php\/wp-json\/wp\/v2\/posts"}],"about":[{"href":"https:\/\/caeolavarria.com.ar\/index.php\/wp-json\/wp\/v2\/types\/post"}],"author":[{"embeddable":true,"href":"https:\/\/caeolavarria.com.ar\/index.php\/wp-json\/wp\/v2\/users\/3"}],"replies":[{"embeddable":true,"href":"https:\/\/caeolavarria.com.ar\/index.php\/wp-json\/wp\/v2\/comments?post=8510"}],"version-history":[{"count":3,"href":"https:\/\/caeolavarria.com.ar\/index.php\/wp-json\/wp\/v2\/posts\/8510\/revisions"}],"predecessor-version":[{"id":8515,"href":"https:\/\/caeolavarria.com.ar\/index.php\/wp-json\/wp\/v2\/posts\/8510\/revisions\/8515"}],"wp:featuredmedia":[{"embeddable":true,"href":"https:\/\/caeolavarria.com.ar\/index.php\/wp-json\/wp\/v2\/media\/8512"}],"wp:attachment":[{"href":"https:\/\/caeolavarria.com.ar\/index.php\/wp-json\/wp\/v2\/media?parent=8510"}],"wp:term":[{"taxonomy":"category","embeddable":true,"href":"https:\/\/caeolavarria.com.ar\/index.php\/wp-json\/wp\/v2\/categories?post=8510"},{"taxonomy":"post_tag","embeddable":true,"href":"https:\/\/caeolavarria.com.ar\/index.php\/wp-json\/wp\/v2\/tags?post=8510"}],"curies":[{"name":"wp","href":"https:\/\/api.w.org\/{rel}","templated":true}]}}